{"id":45883,"date":"2026-04-28T15:31:39","date_gmt":"2026-04-28T19:31:39","guid":{"rendered":"https:\/\/expressaoms.com.br\/?p=45883"},"modified":"2026-04-28T11:33:31","modified_gmt":"2026-04-28T15:33:31","slug":"tres-lagoas-promovera-mais-uma-tarde-de-cultura-lazer-e-integracao-com-o-projeto-a-rua-e-nossa-neste-domingo-3","status":"publish","type":"post","link":"https:\/\/expressaoms.com.br\/index.php\/2026\/04\/28\/tres-lagoas-promovera-mais-uma-tarde-de-cultura-lazer-e-integracao-com-o-projeto-a-rua-e-nossa-neste-domingo-3\/","title":{"rendered":"Tr\u00eas Lagoas promover\u00e1 mais uma tarde de cultura, lazer e integra\u00e7\u00e3o com o projeto \u201cA Rua \u00e9 Nossa\u201d neste domingo (3)"},"content":{"rendered":"<p>Vem a\u00ed mais uma tarde de lazer e muita cultura. No pr\u00f3ximo domingo, 03 de maio, ser\u00e1 realizada mais uma edi\u00e7\u00e3o do projeto \u201cA Rua \u00e9 Nossa\u201d. O evento acontece das 14h \u00e0s 19h, na Rua Aldair Rosa de Oliveira, localizada na Circular da Lagoa Maior. O espa\u00e7o ser\u00e1 novamente adaptado para receber o p\u00fablico com estrutura adequada, priorizando a seguran\u00e7a e o conforto dos participantes.<\/p>\n<p>Promovido pela Secretaria Municipal de Turismo e Cultura, a a\u00e7\u00e3o, que conta com o apoio de outras secretarias, ter\u00e1 uma programa\u00e7\u00e3o diversificada e pensada para todas as idades. Entre as atra\u00e7\u00f5es confirmadas est\u00e1 a participa\u00e7\u00e3o especial do artista Marcelo Serralva, al\u00e9m da presen\u00e7a da Pianocicleta, que promete encantar o p\u00fablico com uma proposta cultural diferenciada. O evento tamb\u00e9m contar\u00e1 com atividades da FitDance Kids, sob a coordena\u00e7\u00e3o da professora Ana Paula, incentivando a participa\u00e7\u00e3o das crian\u00e7as por meio da dan\u00e7a e do movimento.<\/p>\n<p>Outro destaque ser\u00e1 a apresenta\u00e7\u00e3o de dan\u00e7a do ventre com Layl\u00e0h Nur, arteterapeuta, dan\u00e7aterapeuta e professora de Dan\u00e7a do Ventre e Dan\u00e7a Cigana. A performance ser\u00e1 realizada por alunas de seu est\u00fadio, que apresentar\u00e3o coreografias de dan\u00e7a do ventre, dan\u00e7a tribal e dan\u00e7a cigana. A proposta valoriza o movimento como forma de express\u00e3o art\u00edstica, acolhimento e fortalecimento feminino.<\/p>\n<p>Com uma programa\u00e7\u00e3o ampla e gratuita, o \u201cA Rua \u00e9 Nossa\u201d proporciona uma op\u00e7\u00e3o de lazer para a popula\u00e7\u00e3o, promovendo cultura e integra\u00e7\u00e3o social.<\/p>\n","protected":false},"excerpt":{"rendered":"<p>Vem a\u00ed mais uma tarde de lazer e muita cultura. No pr\u00f3ximo domingo, 03 de maio, ser\u00e1 realizada mais uma edi\u00e7\u00e3o do projeto \u201cA Rua \u00e9 Nossa\u201d. O evento acontece das 14h \u00e0s 19h, na Rua Aldair Rosa de Oliveira, localizada na Circular da Lagoa Maior. O espa\u00e7o ser\u00e1 novamente adaptado para receber o p\u00fablico [&hellip;]<\/p>\n","protected":false},"author":5,"featured_media":45884,"comment_status":"open","ping_status":"open","sticky":false,"template":"","format":"standard","meta":{"om_disable_all_campaigns":false,"_monsterinsights_skip_tracking":false,"_monsterinsights_sitenote_active":false,"_monsterinsights_sitenote_note":"","_monsterinsights_sitenote_category":0,"footnotes":""},"categories":[30,266,193,48],"tags":[],"aioseo_notices":[],"_links":{"self":[{"href":"https:\/\/expressaoms.com.br\/index.php\/wp-json\/wp\/v2\/posts\/45883"}],"collection":[{"href":"https:\/\/expressaoms.com.br\/index.php\/wp-json\/wp\/v2\/posts"}],"about":[{"href":"https:\/\/expressaoms.com.br\/index.php\/wp-json\/wp\/v2\/types\/post"}],"author":[{"embeddable":true,"href":"https:\/\/expressaoms.com.br\/index.php\/wp-json\/wp\/v2\/users\/5"}],"replies":[{"embeddable":true,"href":"https:\/\/expressaoms.com.br\/index.php\/wp-json\/wp\/v2\/comments?post=45883"}],"version-history":[{"count":1,"href":"https:\/\/expressaoms.com.br\/index.php\/wp-json\/wp\/v2\/posts\/45883\/revisions"}],"predecessor-version":[{"id":45885,"href":"https:\/\/expressaoms.com.br\/index.php\/wp-json\/wp\/v2\/posts\/45883\/revisions\/45885"}],"wp:featuredmedia":[{"embeddable":true,"href":"https:\/\/expressaoms.com.br\/index.php\/wp-json\/wp\/v2\/media\/45884"}],"wp:attachment":[{"href":"https:\/\/expressaoms.com.br\/index.php\/wp-json\/wp\/v2\/media?parent=45883"}],"wp:term":[{"taxonomy":"category","embeddable":true,"href":"https:\/\/expressaoms.com.br\/index.php\/wp-json\/wp\/v2\/categories?post=45883"},{"taxonomy":"post_tag","embeddable":true,"href":"https:\/\/expressaoms.com.br\/index.php\/wp-json\/wp\/v2\/tags?post=45883"}],"curies":[{"name":"wp","href":"https:\/\/api.w.org\/{rel}","templated":true}]}}