{"id":45891,"date":"2026-04-28T16:24:43","date_gmt":"2026-04-28T20:24:43","guid":{"rendered":"https:\/\/expressaoms.com.br\/?p=45891"},"modified":"2026-04-28T15:26:30","modified_gmt":"2026-04-28T19:26:30","slug":"maio-amarelo-tres-lagoas-se-mobiliza-por-um-transito-mais-seguro","status":"publish","type":"post","link":"https:\/\/expressaoms.com.br\/index.php\/2026\/04\/28\/maio-amarelo-tres-lagoas-se-mobiliza-por-um-transito-mais-seguro\/","title":{"rendered":"MAIO AMARELO \u2013 Tr\u00eas Lagoas se mobiliza por um tr\u00e2nsito mais seguro"},"content":{"rendered":"<p>Al\u00e9m da Semana Municipal de Tr\u00e2nsito, que j\u00e1 est\u00e1 sendo executada, a Cidade se prepara para, no m\u00eas de maio, a partir do dia 06, o movimento de conscientiza\u00e7\u00e3o para redu\u00e7\u00e3o de sinistros de tr\u00e2nsito, denominado Maio Amarelo. A ideia \u00e9 propagar conhecimento sobre seguran\u00e7a vi\u00e1ria para toda a popula\u00e7\u00e3o, al\u00e9m de promover a\u00e7\u00f5es que conscientizem as pessoas sobre o assunto.<\/p>\n<p>Em Tr\u00eas Lagoas, o Departamento de Tr\u00e2nsito (DEPTRAN), com apoio da empresa Eldorado, est\u00e1 planejando um m\u00eas de muitas a\u00e7\u00f5es que informar\u00e3o de forma clara e din\u00e2mica, a import\u00e2ncia da seguran\u00e7a no tr\u00e2nsito. A inten\u00e7\u00e3o \u00e9 garantir conhecimento para todas as faixas et\u00e1rias, abrangendo desde a primeira inf\u00e2ncia at\u00e9 as empresas locais.<\/p>\n<p>O evento de abertura da a\u00e7\u00e3o est\u00e1 previsto para acontecer no dia 06 de maio, a partir das 19h, na Feira Central da cidade, com participa\u00e7\u00f5es especiais e exposi\u00e7\u00f5es.<\/p>\n<p><strong>POR QUE MAIO AMARELO?<\/strong><\/p>\n<p>Coordenada pelo Poder P\u00fablico e sociedade civil, a a\u00e7\u00e3o Maio Amarelo \u00e9 um movimento internacional, tem que por objetivo chamar a aten\u00e7\u00e3o da sociedade para o alto \u00edndice de mortes e feridos no tr\u00e2nsito em todo o mundo.<\/p>\n<p>Foi designado o m\u00eas de maio para a a\u00e7\u00e3o, porque em 11 de maio de 2011, a ONU decretou a D\u00e9cada de A\u00e7\u00e3o para Seguran\u00e7a no Tr\u00e2nsito. Com isso, o m\u00eas se tornou refer\u00eancia mundial para balan\u00e7o das a\u00e7\u00f5es que o mundo inteiro realiza. J\u00e1 a cor amarela foi escolhida, porque simboliza aten\u00e7\u00e3o e tamb\u00e9m a sinaliza\u00e7\u00e3o e advert\u00eancia no tr\u00e2nsito.<\/p>\n","protected":false},"excerpt":{"rendered":"<p>Al\u00e9m da Semana Municipal de Tr\u00e2nsito, que j\u00e1 est\u00e1 sendo executada, a Cidade se prepara para, no m\u00eas de maio, a partir do dia 06, o movimento de conscientiza\u00e7\u00e3o para redu\u00e7\u00e3o de sinistros de tr\u00e2nsito, denominado Maio Amarelo. A ideia \u00e9 propagar conhecimento sobre seguran\u00e7a vi\u00e1ria para toda a popula\u00e7\u00e3o, al\u00e9m de promover a\u00e7\u00f5es que [&hellip;]<\/p>\n","protected":false},"author":5,"featured_media":45892,"comment_status":"open","ping_status":"open","sticky":false,"template":"","format":"standard","meta":{"om_disable_all_campaigns":false,"_monsterinsights_skip_tracking":false,"_monsterinsights_sitenote_active":false,"_monsterinsights_sitenote_note":"","_monsterinsights_sitenote_category":0,"footnotes":""},"categories":[30,266,193,48],"tags":[],"aioseo_notices":[],"_links":{"self":[{"href":"https:\/\/expressaoms.com.br\/index.php\/wp-json\/wp\/v2\/posts\/45891"}],"collection":[{"href":"https:\/\/expressaoms.com.br\/index.php\/wp-json\/wp\/v2\/posts"}],"about":[{"href":"https:\/\/expressaoms.com.br\/index.php\/wp-json\/wp\/v2\/types\/post"}],"author":[{"embeddable":true,"href":"https:\/\/expressaoms.com.br\/index.php\/wp-json\/wp\/v2\/users\/5"}],"replies":[{"embeddable":true,"href":"https:\/\/expressaoms.com.br\/index.php\/wp-json\/wp\/v2\/comments?post=45891"}],"version-history":[{"count":1,"href":"https:\/\/expressaoms.com.br\/index.php\/wp-json\/wp\/v2\/posts\/45891\/revisions"}],"predecessor-version":[{"id":45893,"href":"https:\/\/expressaoms.com.br\/index.php\/wp-json\/wp\/v2\/posts\/45891\/revisions\/45893"}],"wp:featuredmedia":[{"embeddable":true,"href":"https:\/\/expressaoms.com.br\/index.php\/wp-json\/wp\/v2\/media\/45892"}],"wp:attachment":[{"href":"https:\/\/expressaoms.com.br\/index.php\/wp-json\/wp\/v2\/media?parent=45891"}],"wp:term":[{"taxonomy":"category","embeddable":true,"href":"https:\/\/expressaoms.com.br\/index.php\/wp-json\/wp\/v2\/categories?post=45891"},{"taxonomy":"post_tag","embeddable":true,"href":"https:\/\/expressaoms.com.br\/index.php\/wp-json\/wp\/v2\/tags?post=45891"}],"curies":[{"name":"wp","href":"https:\/\/api.w.org\/{rel}","templated":true}]}}