{"id":45894,"date":"2026-04-28T15:49:12","date_gmt":"2026-04-28T19:49:12","guid":{"rendered":"https:\/\/expressaoms.com.br\/?p=45894"},"modified":"2026-04-28T15:30:38","modified_gmt":"2026-04-28T19:30:38","slug":"mutirao-da-limpeza-segue-no-bairro-vila-alegre-ate-o-dia-11-de-maio","status":"publish","type":"post","link":"https:\/\/expressaoms.com.br\/index.php\/2026\/04\/28\/mutirao-da-limpeza-segue-no-bairro-vila-alegre-ate-o-dia-11-de-maio\/","title":{"rendered":"Mutir\u00e3o da Limpeza segue no bairro Vila Alegre at\u00e9 o dia 11 de maio"},"content":{"rendered":"<p>A Prefeitura de Tr\u00eas Lagoas informa que o Mutir\u00e3o da Limpeza continua em andamento no bairro Vila Alegre, com a disponibiliza\u00e7\u00e3o de ca\u00e7ambas para auxiliar os moradores no descarte correto de materiais.<\/p>\n<p>A a\u00e7\u00e3o, coordenada pela Secretaria Municipal de Sa\u00fade (SMS) em parceria com a Secretaria Municipal de Infraestrutura, Transporte e Tr\u00e2nsito (SEINTRA), teve in\u00edcio no dia 13 de abril e segue at\u00e9 o dia 11 de maio, oferecendo \u00e0 popula\u00e7\u00e3o a oportunidade de eliminar poss\u00edveis criadouros de vetores de doen\u00e7as.<\/p>\n<p>Durante o mutir\u00e3o, os moradores podem descartar itens que acumulam \u00e1gua, como garrafas, pneus, latas, vasos, lonas e eletrodom\u00e9sticos antigos. Tamb\u00e9m \u00e9 permitido o descarte de materiais org\u00e2nicos em decomposi\u00e7\u00e3o, como folhas, galhos e madeira podre, al\u00e9m de objetos que possam servir de abrigo para escorpi\u00f5es, como telhas, tijolos e outros tipos de entulho.<\/p>\n<p>A iniciativa tem como principal objetivo combater a prolifera\u00e7\u00e3o de doen\u00e7as relacionadas \u00e0s arboviroses, \u00e0 leishmaniose e aos escorpi\u00f5es, contribuindo para a sa\u00fade p\u00fablica e a limpeza urbana.<\/p>\n<p><strong>Onde encontrar as ca\u00e7ambas?<\/strong><\/p>\n<p>As ca\u00e7ambas estar\u00e3o localizadas nas seguintes vias, em frente aos n\u00fameros indicados:<\/p>\n<p><strong><u>Rela\u00e7\u00e3o dos Postos de Ca\u00e7amba \u2013 Vila Alegre \/\u00a0<\/u><\/strong><strong><u>2026<\/u><\/strong><\/p>\n<figure class=\"wp-block-table\">\n<table class=\"has-fixed-layout\">\n<tbody>\n<tr>\n<td colspan=\"2\"><strong>Endere\u00e7o<\/strong><\/td>\n<td><strong>N\u00ba<\/strong><\/td>\n<td><strong>Quarteir\u00e3o<\/strong><\/td>\n<td><strong>Local para Coloca\u00e7\u00e3o da Ca\u00e7amba<\/strong><\/td>\n<td><strong>Bairro<\/strong><\/td>\n<\/tr>\n<tr>\n<td>01<\/td>\n<td>Bom Jesus da Lapa<\/td>\n<td>120<\/td>\n<td>07<\/td>\n<td>Em frente ao n\u00famero<\/td>\n<td>Vila Alegre B<\/td>\n<\/tr>\n<tr>\n<td>02<\/td>\n<td>Bom Jesus da Lapa<\/td>\n<td>1960<\/td>\n<td>15<\/td>\n<td>Em frente ao n\u00famero<\/td>\n<td>Vila Alegre B<\/td>\n<\/tr>\n<tr>\n<td>03<\/td>\n<td>Bom Jesus da Lapa<\/td>\n<td>1566<\/td>\n<td>20<\/td>\n<td>Em frente ao n\u00famero<\/td>\n<td>Vila Alegre B<\/td>\n<\/tr>\n<tr>\n<td>04<\/td>\n<td>Bom Jesus da Lapa<\/td>\n<td>3456<\/td>\n<td>23<\/td>\n<td>Em frente ao n\u00famero<\/td>\n<td>Vila Alegre B<\/td>\n<\/tr>\n<tr>\n<td>05<\/td>\n<td>Jo\u00e3o Gon\u00e7alves de Oliveira<\/td>\n<td>3887<\/td>\n<td>12<\/td>\n<td>Em frente ao n\u00famero<\/td>\n<td>Vila Alegre B<\/td>\n<\/tr>\n<tr>\n<td>06<\/td>\n<td>Jo\u00e3o Gon\u00e7alves de Oliveira<\/td>\n<td>3786<\/td>\n<td>16<\/td>\n<td>Em frente ao n\u00famero<\/td>\n<td>Vila Alegre B<\/td>\n<\/tr>\n<tr>\n<td>07<\/td>\n<td>Jo\u00e3o Gon\u00e7alves de Oliveira<\/td>\n<td>3518<\/td>\n<td>21<\/td>\n<td>Em frente ao n\u00famero<\/td>\n<td>Vila Alegre B<\/td>\n<\/tr>\n<tr>\n<td>08<\/td>\n<td>Alfredo Justino<\/td>\n<td>3434<\/td>\n<td>21<\/td>\n<td>Em frente ao n\u00famero<\/td>\n<td>Vila Alegre B<\/td>\n<\/tr>\n<tr>\n<td>09<\/td>\n<td>Alfredo Justino<\/td>\n<td>4125<\/td>\n<td>34<\/td>\n<td>Em frente ao n\u00famero<\/td>\n<td>Vila Alegre B<\/td>\n<\/tr>\n<tr>\n<td>10<\/td>\n<td>Merc\u00fario<\/td>\n<td>847<\/td>\n<td>31<\/td>\n<td>Em frente ao n\u00famero<\/td>\n<td>Vila Alegre B<\/td>\n<\/tr>\n<tr>\n<td>11<\/td>\n<td>Manoel Cust\u00f3dio de Oliveira<\/td>\n<td>783<\/td>\n<td>32<\/td>\n<td>Em frente ao n\u00famero<\/td>\n<td>Vila Alegre B<\/td>\n<\/tr>\n<tr>\n<td>12<\/td>\n<td>Joaquim Murtinho<\/td>\n<td>3851<\/td>\n<td>30<\/td>\n<td>Em frente ao n\u00famero<\/td>\n<td>Vila Alegre B<\/td>\n<\/tr>\n<tr>\n<td>13<\/td>\n<td>Joaquim Murtinho<\/td>\n<td>3561<\/td>\n<td>28<\/td>\n<td>Em frente ao n\u00famero<\/td>\n<td>Vila Alegre B<\/td>\n<\/tr>\n<tr>\n<td>14<\/td>\n<td>Joaquim Murtinho<\/td>\n<td>3575<\/td>\n<td>27<\/td>\n<td>Em frente ao n\u00famero<\/td>\n<td>Vila Alegre B<\/td>\n<\/tr>\n<tr>\n<td>15<\/td>\n<td>Joaquim Murtinho<\/td>\n<td>3961<\/td>\n<td>33<\/td>\n<td>Em frente ao n\u00famero<\/td>\n<td>Vila Alegre B<\/td>\n<\/tr>\n<\/tbody>\n<\/table>\n<\/figure>\n","protected":false},"excerpt":{"rendered":"<p>A Prefeitura de Tr\u00eas Lagoas informa que o Mutir\u00e3o da Limpeza continua em andamento no bairro Vila Alegre, com a disponibiliza\u00e7\u00e3o de ca\u00e7ambas para auxiliar os moradores no descarte correto de materiais. A a\u00e7\u00e3o, coordenada pela Secretaria Municipal de Sa\u00fade (SMS) em parceria com a Secretaria Municipal de Infraestrutura, Transporte e Tr\u00e2nsito (SEINTRA), teve in\u00edcio [&hellip;]<\/p>\n","protected":false},"author":5,"featured_media":45895,"comment_status":"open","ping_status":"open","sticky":false,"template":"","format":"standard","meta":{"om_disable_all_campaigns":false,"_monsterinsights_skip_tracking":false,"_monsterinsights_sitenote_active":false,"_monsterinsights_sitenote_note":"","_monsterinsights_sitenote_category":0,"footnotes":""},"categories":[30,266,193,48],"tags":[],"aioseo_notices":[],"_links":{"self":[{"href":"https:\/\/expressaoms.com.br\/index.php\/wp-json\/wp\/v2\/posts\/45894"}],"collection":[{"href":"https:\/\/expressaoms.com.br\/index.php\/wp-json\/wp\/v2\/posts"}],"about":[{"href":"https:\/\/expressaoms.com.br\/index.php\/wp-json\/wp\/v2\/types\/post"}],"author":[{"embeddable":true,"href":"https:\/\/expressaoms.com.br\/index.php\/wp-json\/wp\/v2\/users\/5"}],"replies":[{"embeddable":true,"href":"https:\/\/expressaoms.com.br\/index.php\/wp-json\/wp\/v2\/comments?post=45894"}],"version-history":[{"count":1,"href":"https:\/\/expressaoms.com.br\/index.php\/wp-json\/wp\/v2\/posts\/45894\/revisions"}],"predecessor-version":[{"id":45896,"href":"https:\/\/expressaoms.com.br\/index.php\/wp-json\/wp\/v2\/posts\/45894\/revisions\/45896"}],"wp:featuredmedia":[{"embeddable":true,"href":"https:\/\/expressaoms.com.br\/index.php\/wp-json\/wp\/v2\/media\/45895"}],"wp:attachment":[{"href":"https:\/\/expressaoms.com.br\/index.php\/wp-json\/wp\/v2\/media?parent=45894"}],"wp:term":[{"taxonomy":"category","embeddable":true,"href":"https:\/\/expressaoms.com.br\/index.php\/wp-json\/wp\/v2\/categories?post=45894"},{"taxonomy":"post_tag","embeddable":true,"href":"https:\/\/expressaoms.com.br\/index.php\/wp-json\/wp\/v2\/tags?post=45894"}],"curies":[{"name":"wp","href":"https:\/\/api.w.org\/{rel}","templated":true}]}}