{"id":45897,"date":"2026-04-28T17:03:51","date_gmt":"2026-04-28T21:03:51","guid":{"rendered":"https:\/\/expressaoms.com.br\/?p=45897"},"modified":"2026-04-28T15:35:27","modified_gmt":"2026-04-28T19:35:27","slug":"transito-de-tres-lagoas-preocupa-autoridades-e-reforca-campanha-pelo-uso-do-cinto","status":"publish","type":"post","link":"https:\/\/expressaoms.com.br\/index.php\/2026\/04\/28\/transito-de-tres-lagoas-preocupa-autoridades-e-reforca-campanha-pelo-uso-do-cinto\/","title":{"rendered":"Tr\u00e2nsito de Tr\u00eas Lagoas preocupa autoridades e refor\u00e7a campanha pelo uso do cinto"},"content":{"rendered":"<p>O diretor do Departamento Municipal de Tr\u00e2nsito, Jos\u00e9 Aparecido Moraes, compareceu na manh\u00e3 desta ter\u00e7a-feira, 28 de abril, na C\u00e2mara Municipal, para falar sobre a 20\u00aa Semana de Tr\u00e2nsito que acontece at\u00e9 o dia 30 deste m\u00eas em Tr\u00eas Lagoas.<\/p>\n<p>Durante sua fala, Moraes informou que est\u00e1 muito preocupante os n\u00fameros de sinistros que acontecem no tr\u00e2nsito da cidade e destacou a import\u00e2ncia da colabora\u00e7\u00e3o dos condutores. \u201cO tr\u00e2nsito trabalha num trip\u00e9: engenharia, fiscaliza\u00e7\u00e3o e educa\u00e7\u00e3o. E infelizmente a educa\u00e7\u00e3o dos motoristas \u00e9 o que mais peca no dia a dia, sendo que 99% dos sinistros ocorridos na cidade s\u00e3o por responsabilidade dos condutores\u201d, destacou.<\/p>\n<p>Ele ressaltou tamb\u00e9m que, a falta do cinto de seguran\u00e7a foi a autua\u00e7\u00e3o que mais ocorreu no munic\u00edpio no ano passado e, por isso, \u00e9 o tema tratado na semana de tr\u00e2nsito neste ano. \u201c\u00c9 preciso ter uma participa\u00e7\u00e3o e preocupa\u00e7\u00e3o em massa para evitar de fato esses acidentes e infra\u00e7\u00f5es\u201d, concluiu Moraes.<\/p>\n<p>Participaram da sess\u00e3o os vereadores, agentes do DEPTRAN, imprensa local, al\u00e9m dos alunos da Patrulha Mirim.<\/p>\n","protected":false},"excerpt":{"rendered":"<p>O diretor do Departamento Municipal de Tr\u00e2nsito, Jos\u00e9 Aparecido Moraes, compareceu na manh\u00e3 desta ter\u00e7a-feira, 28 de abril, na C\u00e2mara Municipal, para falar sobre a 20\u00aa Semana de Tr\u00e2nsito que acontece at\u00e9 o dia 30 deste m\u00eas em Tr\u00eas Lagoas. Durante sua fala, Moraes informou que est\u00e1 muito preocupante os n\u00fameros de sinistros que acontecem [&hellip;]<\/p>\n","protected":false},"author":5,"featured_media":45898,"comment_status":"open","ping_status":"open","sticky":false,"template":"","format":"standard","meta":{"om_disable_all_campaigns":false,"_monsterinsights_skip_tracking":false,"_monsterinsights_sitenote_active":false,"_monsterinsights_sitenote_note":"","_monsterinsights_sitenote_category":0,"footnotes":""},"categories":[30,36,266,193,48],"tags":[],"aioseo_notices":[],"_links":{"self":[{"href":"https:\/\/expressaoms.com.br\/index.php\/wp-json\/wp\/v2\/posts\/45897"}],"collection":[{"href":"https:\/\/expressaoms.com.br\/index.php\/wp-json\/wp\/v2\/posts"}],"about":[{"href":"https:\/\/expressaoms.com.br\/index.php\/wp-json\/wp\/v2\/types\/post"}],"author":[{"embeddable":true,"href":"https:\/\/expressaoms.com.br\/index.php\/wp-json\/wp\/v2\/users\/5"}],"replies":[{"embeddable":true,"href":"https:\/\/expressaoms.com.br\/index.php\/wp-json\/wp\/v2\/comments?post=45897"}],"version-history":[{"count":1,"href":"https:\/\/expressaoms.com.br\/index.php\/wp-json\/wp\/v2\/posts\/45897\/revisions"}],"predecessor-version":[{"id":45899,"href":"https:\/\/expressaoms.com.br\/index.php\/wp-json\/wp\/v2\/posts\/45897\/revisions\/45899"}],"wp:featuredmedia":[{"embeddable":true,"href":"https:\/\/expressaoms.com.br\/index.php\/wp-json\/wp\/v2\/media\/45898"}],"wp:attachment":[{"href":"https:\/\/expressaoms.com.br\/index.php\/wp-json\/wp\/v2\/media?parent=45897"}],"wp:term":[{"taxonomy":"category","embeddable":true,"href":"https:\/\/expressaoms.com.br\/index.php\/wp-json\/wp\/v2\/categories?post=45897"},{"taxonomy":"post_tag","embeddable":true,"href":"https:\/\/expressaoms.com.br\/index.php\/wp-json\/wp\/v2\/tags?post=45897"}],"curies":[{"name":"wp","href":"https:\/\/api.w.org\/{rel}","templated":true}]}}