{"id":45900,"date":"2026-04-28T15:40:18","date_gmt":"2026-04-28T19:40:18","guid":{"rendered":"https:\/\/expressaoms.com.br\/?p=45900"},"modified":"2026-04-28T15:40:18","modified_gmt":"2026-04-28T19:40:18","slug":"parlamento-jovem-de-tres-lagoas-toma-posse-nesta-quarta-feira-29-de-abril","status":"publish","type":"post","link":"https:\/\/expressaoms.com.br\/index.php\/2026\/04\/28\/parlamento-jovem-de-tres-lagoas-toma-posse-nesta-quarta-feira-29-de-abril\/","title":{"rendered":"Parlamento Jovem de Tr\u00eas Lagoas toma posse nesta quarta-feira, 29 de abril"},"content":{"rendered":"<p>A C\u00e2mara de Vereadores de Tr\u00eas Lagoas realiza, nesta quarta-feira (29), a cerim\u00f4nia de posse dos jovens participantes do Parlamento Jovem 2026. O evento acontece \u00e0s 18h45, no Plen\u00e1rio Ranulpho Marques Leal, localizado na Rua Sunao Miura, n\u00ba 71, no bairro Santos Dumont.<\/p>\n<p>Criado em 2025, o programa Parlamento Jovem tem como objetivo aproximar os estudantes do ensino m\u00e9dio do funcionamento do Poder Legislativo. A iniciativa permite que os jovens vivenciem, na pr\u00e1tica, o papel do vereador, participando de reuni\u00f5es mensais onde apresentam indica\u00e7\u00f5es, requerimentos e at\u00e9 projetos de lei.<\/p>\n<p>Antes da posse, os estudantes eleitos e suplentes passaram por uma etapa de forma\u00e7\u00e3o, com apresenta\u00e7\u00f5es p\u00fablicas e integra\u00e7\u00e3o junto aos 14 vereadores participantes. Durante esse processo, cada jovem escolheu seu \u201cpadrinho pol\u00edtico\u201d, respons\u00e1vel por orientar e acompanhar sua atua\u00e7\u00e3o ao longo do mandato.<\/p>\n<p>A composi\u00e7\u00e3o ficou definida com Daniel da Farm\u00e1cia apadrinhando Maria Eduarda Santos Ferreira (EE Dom Aquino); Davis Martinelli com Miguel Nogueira do Amaral (EE Fernando Corr\u00eaa); Evalda Reis com Geovana Vieira (EE Jos\u00e9 Ferreira); Fernando Jurado com Diogo de Sordi Alves J\u00fanior (IFMS); Marco Silva com Ytalo Kaik Dias Ramos (EE Jomap); Marcus Baz\u00e9 com Brenda Munis Andrade (EE Afonso Xavier Trannin); M\u00e1rio Grespan com Ana Clara Guimar\u00e3es Sanches (EE Jo\u00e3o Ponce); Mi do Santa Luzia com Mari\u00e2ngela dos Santos Pereira (EE Fernando Corr\u00eaa); Professor Pedrinho Junior com Alicia Pereira da Silva dos Santos (EE Jomap); Professora Maria Diogo com Roberta Moreira Soares Reis (EE Afonso Pena); Robson do Alinhamento com Adriano Antonio Bento Souza (EE LuLoCa); Sirlene dos Santos com Lara Nunes da Silva (EE Dom Aquino); Silverado com Lays Vit\u00f3ria Barros da Silva (EM Maria Eul\u00e1lia); e o vereador Tonh\u00e3o apadrinhando H\u00e1vila Silva (EE Edwards Corr\u00eaa) e Mariana Tiago da Silva (Escola Funlec).<\/p>\n<p>A expectativa \u00e9 de que a nova legislatura do Parlamento Jovem fortale\u00e7a o protagonismo estudantil e contribua para a forma\u00e7\u00e3o de cidad\u00e3os mais conscientes e participativos, mantendo viva a tradi\u00e7\u00e3o do debate democr\u00e1tico dentro da Casa de Leis.<\/p>\n","protected":false},"excerpt":{"rendered":"<p>A C\u00e2mara de Vereadores de Tr\u00eas Lagoas realiza, nesta quarta-feira (29), a cerim\u00f4nia de posse dos jovens participantes do Parlamento Jovem 2026. O evento acontece \u00e0s 18h45, no Plen\u00e1rio Ranulpho Marques Leal, localizado na Rua Sunao Miura, n\u00ba 71, no bairro Santos Dumont. Criado em 2025, o programa Parlamento Jovem tem como objetivo aproximar os [&hellip;]<\/p>\n","protected":false},"author":5,"featured_media":45901,"comment_status":"open","ping_status":"open","sticky":false,"template":"","format":"standard","meta":{"om_disable_all_campaigns":false,"_monsterinsights_skip_tracking":false,"_monsterinsights_sitenote_active":false,"_monsterinsights_sitenote_note":"","_monsterinsights_sitenote_category":0,"footnotes":""},"categories":[30,42,193,48],"tags":[],"aioseo_notices":[],"_links":{"self":[{"href":"https:\/\/expressaoms.com.br\/index.php\/wp-json\/wp\/v2\/posts\/45900"}],"collection":[{"href":"https:\/\/expressaoms.com.br\/index.php\/wp-json\/wp\/v2\/posts"}],"about":[{"href":"https:\/\/expressaoms.com.br\/index.php\/wp-json\/wp\/v2\/types\/post"}],"author":[{"embeddable":true,"href":"https:\/\/expressaoms.com.br\/index.php\/wp-json\/wp\/v2\/users\/5"}],"replies":[{"embeddable":true,"href":"https:\/\/expressaoms.com.br\/index.php\/wp-json\/wp\/v2\/comments?post=45900"}],"version-history":[{"count":1,"href":"https:\/\/expressaoms.com.br\/index.php\/wp-json\/wp\/v2\/posts\/45900\/revisions"}],"predecessor-version":[{"id":45902,"href":"https:\/\/expressaoms.com.br\/index.php\/wp-json\/wp\/v2\/posts\/45900\/revisions\/45902"}],"wp:featuredmedia":[{"embeddable":true,"href":"https:\/\/expressaoms.com.br\/index.php\/wp-json\/wp\/v2\/media\/45901"}],"wp:attachment":[{"href":"https:\/\/expressaoms.com.br\/index.php\/wp-json\/wp\/v2\/media?parent=45900"}],"wp:term":[{"taxonomy":"category","embeddable":true,"href":"https:\/\/expressaoms.com.br\/index.php\/wp-json\/wp\/v2\/categories?post=45900"},{"taxonomy":"post_tag","embeddable":true,"href":"https:\/\/expressaoms.com.br\/index.php\/wp-json\/wp\/v2\/tags?post=45900"}],"curies":[{"name":"wp","href":"https:\/\/api.w.org\/{rel}","templated":true}]}}