{"id":45903,"date":"2026-04-29T08:17:39","date_gmt":"2026-04-29T12:17:39","guid":{"rendered":"https:\/\/expressaoms.com.br\/?p=45903"},"modified":"2026-04-29T08:17:39","modified_gmt":"2026-04-29T12:17:39","slug":"tres-lagoas-ganha-duas-datas-oficiais-para-homenagear-profissionais-da-enfermagem","status":"publish","type":"post","link":"https:\/\/expressaoms.com.br\/index.php\/2026\/04\/29\/tres-lagoas-ganha-duas-datas-oficiais-para-homenagear-profissionais-da-enfermagem\/","title":{"rendered":"Tr\u00eas Lagoas ganha duas datas oficiais para homenagear profissionais da enfermagem"},"content":{"rendered":"<p class=\"ds-markdown-paragraph\">A enfermagem de Tr\u00eas Lagoas agora tem dois dias oficiais no calend\u00e1rio municipal para celebrar sua import\u00e2ncia na sa\u00fade p\u00fablica e privada. O prefeito Cassiano Maia sancionou e promulgou, no dia 22 de abril de 2026, duas leis que instituem datas comemorativas para a categoria.<\/p>\n<p class=\"ds-markdown-paragraph\">A\u00a0Lei n\u00ba 4.439\/2026\u00a0cria o\u00a0Dia Municipal do(a) Enfermeiro(a), a ser celebrado anualmente em\u00a012 de maio. J\u00e1 a\u00a0Lei n\u00ba 4.440\/2026\u00a0institui o\u00a0Dia Municipal do(a) T\u00e9cnico(a)\/Auxiliar de Enfermagem, com data fixada para\u00a020 de maio. Ambas as leis, publicadas oficialmente em 27 de abril de 2026, passam a integrar o Calend\u00e1rio Oficial de Eventos do Munic\u00edpio.<\/p>\n<p class=\"ds-markdown-paragraph\">De autoria do vereador\u00a0Daniel Francisco de Brito, conhecido como Daniel da farm\u00e1cia, as propostas foram encaminhadas e aprovadas pela C\u00e2mara Municipal antes da san\u00e7\u00e3o executiva.<\/p>\n<p class=\"ds-markdown-paragraph\">A escolha do\u00a012 de maio\u00a0para os enfermeiros segue a data internacional dedicada \u00e0 profiss\u00e3o, em refer\u00eancia ao anivers\u00e1rio de Florence Nightingale, precursora da enfermagem moderna. J\u00e1 o\u00a020 de maio, institu\u00eddo para t\u00e9cnicos e auxiliares, valoriza o trabalho essencial desses profissionais no cuidado direto aos pacientes e no suporte \u00e0s equipes de sa\u00fade.<\/p>\n<p class=\"ds-markdown-paragraph\">Com a medida, Tr\u00eas Lagoas se alinha a outros munic\u00edpios brasileiros que j\u00e1 reconhecem oficialmente a relev\u00e2ncia de toda a equipe de enfermagem, promovendo visibilidade, valoriza\u00e7\u00e3o e est\u00edmulo \u00e0 reflex\u00e3o sobre as condi\u00e7\u00f5es de trabalho e a forma\u00e7\u00e3o cont\u00ednua da categoria.<\/p>\n<p class=\"ds-markdown-paragraph\">As leis entram em vigor imediatamente a partir de suas publica\u00e7\u00f5es, realizadas em 27 de abril de 2026. A expectativa da Secretaria Municipal de Sa\u00fade \u00e9 que as datas sejam celebradas com eventos alusivos, palestras, homenagens e campanhas educativas j\u00e1 a partir deste ano.<\/p>\n","protected":false},"excerpt":{"rendered":"<p>A enfermagem de Tr\u00eas Lagoas agora tem dois dias oficiais no calend\u00e1rio municipal para celebrar sua import\u00e2ncia na sa\u00fade p\u00fablica e privada. O prefeito Cassiano Maia sancionou e promulgou, no dia 22 de abril de 2026, duas leis que instituem datas comemorativas para a categoria. A\u00a0Lei n\u00ba 4.439\/2026\u00a0cria o\u00a0Dia Municipal do(a) Enfermeiro(a), a ser celebrado [&hellip;]<\/p>\n","protected":false},"author":5,"featured_media":45904,"comment_status":"open","ping_status":"open","sticky":false,"template":"","format":"standard","meta":{"om_disable_all_campaigns":false,"_monsterinsights_skip_tracking":false,"_monsterinsights_sitenote_active":false,"_monsterinsights_sitenote_note":"","_monsterinsights_sitenote_category":0,"footnotes":""},"categories":[30,266,193,44,48],"tags":[],"aioseo_notices":[],"_links":{"self":[{"href":"https:\/\/expressaoms.com.br\/index.php\/wp-json\/wp\/v2\/posts\/45903"}],"collection":[{"href":"https:\/\/expressaoms.com.br\/index.php\/wp-json\/wp\/v2\/posts"}],"about":[{"href":"https:\/\/expressaoms.com.br\/index.php\/wp-json\/wp\/v2\/types\/post"}],"author":[{"embeddable":true,"href":"https:\/\/expressaoms.com.br\/index.php\/wp-json\/wp\/v2\/users\/5"}],"replies":[{"embeddable":true,"href":"https:\/\/expressaoms.com.br\/index.php\/wp-json\/wp\/v2\/comments?post=45903"}],"version-history":[{"count":1,"href":"https:\/\/expressaoms.com.br\/index.php\/wp-json\/wp\/v2\/posts\/45903\/revisions"}],"predecessor-version":[{"id":45905,"href":"https:\/\/expressaoms.com.br\/index.php\/wp-json\/wp\/v2\/posts\/45903\/revisions\/45905"}],"wp:featuredmedia":[{"embeddable":true,"href":"https:\/\/expressaoms.com.br\/index.php\/wp-json\/wp\/v2\/media\/45904"}],"wp:attachment":[{"href":"https:\/\/expressaoms.com.br\/index.php\/wp-json\/wp\/v2\/media?parent=45903"}],"wp:term":[{"taxonomy":"category","embeddable":true,"href":"https:\/\/expressaoms.com.br\/index.php\/wp-json\/wp\/v2\/categories?post=45903"},{"taxonomy":"post_tag","embeddable":true,"href":"https:\/\/expressaoms.com.br\/index.php\/wp-json\/wp\/v2\/tags?post=45903"}],"curies":[{"name":"wp","href":"https:\/\/api.w.org\/{rel}","templated":true}]}}