{"id":45906,"date":"2026-04-29T08:48:58","date_gmt":"2026-04-29T12:48:58","guid":{"rendered":"https:\/\/expressaoms.com.br\/?p=45906"},"modified":"2026-04-29T08:48:58","modified_gmt":"2026-04-29T12:48:58","slug":"tres-lagoas-autoriza-cessao-de-imovel-publico-para-novo-empreendimento-industrial","status":"publish","type":"post","link":"https:\/\/expressaoms.com.br\/index.php\/2026\/04\/29\/tres-lagoas-autoriza-cessao-de-imovel-publico-para-novo-empreendimento-industrial\/","title":{"rendered":"Tr\u00eas Lagoas autoriza cess\u00e3o de im\u00f3vel p\u00fablico para novo empreendimento industrial"},"content":{"rendered":"<p class=\"ds-markdown-paragraph\">A Prefeitura de Tr\u00eas Lagoas sancionou a Lei n\u00ba 4.438, de 22 de abril de 2026, que autoriza a cess\u00e3o de um im\u00f3vel p\u00fablico, em regime de comodato com possibilidade de doa\u00e7\u00e3o futura, a uma empresa do setor metalmec\u00e2nico. A medida visa fomentar o desenvolvimento econ\u00f4mico do munic\u00edpio e gerar novos empregos na regi\u00e3o.<\/p>\n<p class=\"ds-markdown-paragraph\">O im\u00f3vel cedido \u00e9 um lote de terreno localizado no Distrito Industrial II, com \u00e1rea total de 24.682,20 m\u00b2, situado na esquina da Rua Radialista Romeu de Campos Junior com a Avenida Prefeito Francisco Leal de Queiroz. O terreno pertence ao Munic\u00edpio e est\u00e1 inserido na Macrozona Industrial e Log\u00edstica.<\/p>\n<p class=\"ds-markdown-paragraph\">De acordo com a lei, sancionada pelo prefeito Cassiano Maia, a \u00e1rea destina-se exclusivamente \u00e0 instala\u00e7\u00e3o de empreendimento voltado \u00e0 ind\u00fastria de transforma\u00e7\u00e3o metalmec\u00e2nica, incluindo a fabrica\u00e7\u00e3o de m\u00e1quinas e equipamentos para uso industrial, estruturas met\u00e1licas, equipamentos para ind\u00fastrias de celulose e papel, tanques, reservat\u00f3rios met\u00e1licos, caldeiras e presta\u00e7\u00e3o de servi\u00e7os de manuten\u00e7\u00e3o industrial. Fica expressamente vedado o exerc\u00edcio de com\u00e9rcio varejista no local.<\/p>\n<h3>Condi\u00e7\u00f5es e contrapartidas<\/h3>\n<p class=\"ds-markdown-paragraph\">Para garantir o cumprimento dos objetivos p\u00fablicos, a lei estabelece uma s\u00e9rie de condi\u00e7\u00f5es que dever\u00e3o ser observadas pela empresa benefici\u00e1ria:<\/p>\n<ul>\n<li>\n<p class=\"ds-markdown-paragraph\"><strong>Prazo para obras e opera\u00e7\u00e3o:<\/strong>\u00a0As obras de edifica\u00e7\u00e3o dever\u00e3o ser iniciadas e conclu\u00eddas em at\u00e9 30 meses, contados da publica\u00e7\u00e3o da lei, sendo obrigat\u00f3ria a entrada em opera\u00e7\u00e3o do empreendimento dentro desse mesmo prazo.<\/p>\n<\/li>\n<li>\n<p class=\"ds-markdown-paragraph\"><strong>Gera\u00e7\u00e3o de empregos e investimentos:<\/strong>\u00a0A empresa dever\u00e1 cumprir as metas fixadas na Carta Consulta, especialmente quanto \u00e0 gera\u00e7\u00e3o de empregos e \u00e0 realiza\u00e7\u00e3o dos investimentos especificados.<\/p>\n<\/li>\n<li>\n<p class=\"ds-markdown-paragraph\"><strong>Veda\u00e7\u00f5es:<\/strong>\u00a0Durante a vig\u00eancia do comodato, fica proibida a aliena\u00e7\u00e3o, loca\u00e7\u00e3o, arrendamento, cess\u00e3o ou qualquer forma de transfer\u00eancia da posse a terceiros.<\/p>\n<\/li>\n<\/ul>\n<p class=\"ds-markdown-paragraph\">A Secretaria Municipal de Desenvolvimento Econ\u00f4mico, Ci\u00eancia e Tecnologia (SEDECT) ser\u00e1 respons\u00e1vel por realizar inspe\u00e7\u00f5es peri\u00f3dicas no im\u00f3vel, em intervalos m\u00e1ximos de seis meses, totalizando no m\u00ednimo cinco vistorias ao longo do prazo de 30 meses.<\/p>\n<p class=\"ds-markdown-paragraph\">Ap\u00f3s a comprova\u00e7\u00e3o do cumprimento de todas as exig\u00eancias, a empresa poder\u00e1 requerer a doa\u00e7\u00e3o definitiva da \u00e1rea. No entanto, a escritura p\u00fablica de doa\u00e7\u00e3o dever\u00e1 conter uma cl\u00e1usula de revers\u00e3o: caso a empresa transfira suas atividades para outro munic\u00edpio, ceda o bem por venda, doa\u00e7\u00e3o ou permuta, ou ainda encerre suas opera\u00e7\u00f5es, o im\u00f3vel com todas as benfeitorias retornar\u00e1 ao patrim\u00f4nio do Munic\u00edpio, sem direito a indeniza\u00e7\u00e3o.<\/p>\n","protected":false},"excerpt":{"rendered":"<p>A Prefeitura de Tr\u00eas Lagoas sancionou a Lei n\u00ba 4.438, de 22 de abril de 2026, que autoriza a cess\u00e3o de um im\u00f3vel p\u00fablico, em regime de comodato com possibilidade de doa\u00e7\u00e3o futura, a uma empresa do setor metalmec\u00e2nico. A medida visa fomentar o desenvolvimento econ\u00f4mico do munic\u00edpio e gerar novos empregos na regi\u00e3o. O [&hellip;]<\/p>\n","protected":false},"author":5,"featured_media":45907,"comment_status":"open","ping_status":"open","sticky":false,"template":"","format":"standard","meta":{"om_disable_all_campaigns":false,"_monsterinsights_skip_tracking":false,"_monsterinsights_sitenote_active":false,"_monsterinsights_sitenote_note":"","_monsterinsights_sitenote_category":0,"footnotes":""},"categories":[30,324,266,193,48],"tags":[],"aioseo_notices":[],"_links":{"self":[{"href":"https:\/\/expressaoms.com.br\/index.php\/wp-json\/wp\/v2\/posts\/45906"}],"collection":[{"href":"https:\/\/expressaoms.com.br\/index.php\/wp-json\/wp\/v2\/posts"}],"about":[{"href":"https:\/\/expressaoms.com.br\/index.php\/wp-json\/wp\/v2\/types\/post"}],"author":[{"embeddable":true,"href":"https:\/\/expressaoms.com.br\/index.php\/wp-json\/wp\/v2\/users\/5"}],"replies":[{"embeddable":true,"href":"https:\/\/expressaoms.com.br\/index.php\/wp-json\/wp\/v2\/comments?post=45906"}],"version-history":[{"count":1,"href":"https:\/\/expressaoms.com.br\/index.php\/wp-json\/wp\/v2\/posts\/45906\/revisions"}],"predecessor-version":[{"id":45908,"href":"https:\/\/expressaoms.com.br\/index.php\/wp-json\/wp\/v2\/posts\/45906\/revisions\/45908"}],"wp:featuredmedia":[{"embeddable":true,"href":"https:\/\/expressaoms.com.br\/index.php\/wp-json\/wp\/v2\/media\/45907"}],"wp:attachment":[{"href":"https:\/\/expressaoms.com.br\/index.php\/wp-json\/wp\/v2\/media?parent=45906"}],"wp:term":[{"taxonomy":"category","embeddable":true,"href":"https:\/\/expressaoms.com.br\/index.php\/wp-json\/wp\/v2\/categories?post=45906"},{"taxonomy":"post_tag","embeddable":true,"href":"https:\/\/expressaoms.com.br\/index.php\/wp-json\/wp\/v2\/tags?post=45906"}],"curies":[{"name":"wp","href":"https:\/\/api.w.org\/{rel}","templated":true}]}}