{"id":45909,"date":"2026-04-29T09:24:57","date_gmt":"2026-04-29T13:24:57","guid":{"rendered":"https:\/\/expressaoms.com.br\/?p=45909"},"modified":"2026-04-29T09:24:57","modified_gmt":"2026-04-29T13:24:57","slug":"tres-lagoas-avanca-na-gestao-da-saude-e-assistencia-social-com-novas-resolucoes","status":"publish","type":"post","link":"https:\/\/expressaoms.com.br\/index.php\/2026\/04\/29\/tres-lagoas-avanca-na-gestao-da-saude-e-assistencia-social-com-novas-resolucoes\/","title":{"rendered":"Tr\u00eas Lagoas avan\u00e7a na gest\u00e3o da sa\u00fade e assist\u00eancia social com novas resolu\u00e7\u00f5es"},"content":{"rendered":"<p class=\"ds-markdown-paragraph\">Os conselhos municipais de Sa\u00fade e de Assist\u00eancia Social de Tr\u00eas Lagoas publicaram, no Di\u00e1rio Oficial do munic\u00edpio, uma s\u00e9rie de resolu\u00e7\u00f5es que refor\u00e7am o planejamento e o financiamento de pol\u00edticas p\u00fablicas essenciais. As medidas abrangem desde a aprova\u00e7\u00e3o do Plano Municipal de Sa\u00fade 2026-2029 at\u00e9 a destina\u00e7\u00e3o de recursos para o atendimento \u00e0 popula\u00e7\u00e3o em situa\u00e7\u00e3o de rua e para situa\u00e7\u00f5es de calamidade p\u00fablica.<\/p>\n<h3>Sa\u00fade: Plano e Confer\u00eancia Municipal<\/h3>\n<p class=\"ds-markdown-paragraph\">O Conselho Municipal de Sa\u00fade (CMS), presidido por Glaucia Paula do Nascimento de Paula, aprovou, por meio da Resolu\u00e7\u00e3o n\u00ba 007\/2026, o Plano Municipal de Sa\u00fade (PMS) para o quadri\u00eanio 2026-2029. O documento, elaborado em conformidade com as Leis Federais n\u00ba 8.080\/1990 e n\u00ba 8.142\/1990, estabelece as diretrizes, objetivos e metas da gest\u00e3o da sa\u00fade no munic\u00edpio para os pr\u00f3ximos quatro anos.<\/p>\n<p class=\"ds-markdown-paragraph\">Al\u00e9m disso, o CMS aprovou a realiza\u00e7\u00e3o da 10\u00aa Confer\u00eancia Municipal de Sa\u00fade, conforme a Resolu\u00e7\u00e3o n\u00ba 008\/2026. O evento est\u00e1 marcado para o dia 2 de junho de 2026 e ter\u00e1 como tema central: \u201cSa\u00fade, Democracia, Soberania e SUS: Cuidar do Povo \u00e9 Cuidar do Brasil\u201d.<\/p>\n<p class=\"ds-markdown-paragraph\">Para organizar a confer\u00eancia, o plen\u00e1rio do CMS tamb\u00e9m aprovou, por meio da Resolu\u00e7\u00e3o n\u00ba 009\/2026, a composi\u00e7\u00e3o da comiss\u00e3o organizadora, formada pela totalidade dos conselheiros titulares e suplentes, distribu\u00eddos entre os segmentos de gest\u00e3o e prestadores, trabalhadores e usu\u00e1rios do Sistema \u00danico de Sa\u00fade (SUS).<\/p>\n<h3>Assist\u00eancia Social: recursos para o Centro POP e calamidades<\/h3>\n<p class=\"ds-markdown-paragraph\">J\u00e1 o Conselho Municipal de Assist\u00eancia Social (CMAS), presidido por Vania da Silva Val\u00e9rio Maxias, aprovou duas resolu\u00e7\u00f5es em reuni\u00e3o extraordin\u00e1ria realizada no dia 27 de abril de 2026.<\/p>\n<p class=\"ds-markdown-paragraph\">Pela Resolu\u00e7\u00e3o n\u00ba 07\/2026, o CMAS autorizou a partilha do cofinanciamento destinado ao fortalecimento e aperfei\u00e7oamento do Centro de Refer\u00eancia Especializada para Popula\u00e7\u00e3o em Situa\u00e7\u00e3o de Rua \u2013 Centro POP. O recurso ser\u00e1 repassado ao munic\u00edpio no valor mensal de R$ 10 mil, pelo per\u00edodo de um ano.<\/p>\n<p class=\"ds-markdown-paragraph\">J\u00e1 a Resolu\u00e7\u00e3o n\u00ba 08\/2026 aprovou a partilha do cofinanciamento federal para o Servi\u00e7o de Prote\u00e7\u00e3o em Situa\u00e7\u00f5es de Calamidade P\u00fablica e Emerg\u00eancia, no \u00e2mbito do Sistema \u00danico de Assist\u00eancia Social (SUAS). Com a medida, Tr\u00eas Lagoas, classificada como munic\u00edpio de grande porte, poder\u00e1 receber at\u00e9 R$ 150 mil em caso de ocorr\u00eancia de calamidade ou emerg\u00eancia, conforme as normativas vigentes.<\/p>\n","protected":false},"excerpt":{"rendered":"<p>Os conselhos municipais de Sa\u00fade e de Assist\u00eancia Social de Tr\u00eas Lagoas publicaram, no Di\u00e1rio Oficial do munic\u00edpio, uma s\u00e9rie de resolu\u00e7\u00f5es que refor\u00e7am o planejamento e o financiamento de pol\u00edticas p\u00fablicas essenciais. As medidas abrangem desde a aprova\u00e7\u00e3o do Plano Municipal de Sa\u00fade 2026-2029 at\u00e9 a destina\u00e7\u00e3o de recursos para o atendimento \u00e0 popula\u00e7\u00e3o [&hellip;]<\/p>\n","protected":false},"author":5,"featured_media":45910,"comment_status":"open","ping_status":"open","sticky":false,"template":"","format":"standard","meta":{"om_disable_all_campaigns":false,"_monsterinsights_skip_tracking":false,"_monsterinsights_sitenote_active":false,"_monsterinsights_sitenote_note":"","_monsterinsights_sitenote_category":0,"footnotes":""},"categories":[30,266,193,44,48],"tags":[],"aioseo_notices":[],"_links":{"self":[{"href":"https:\/\/expressaoms.com.br\/index.php\/wp-json\/wp\/v2\/posts\/45909"}],"collection":[{"href":"https:\/\/expressaoms.com.br\/index.php\/wp-json\/wp\/v2\/posts"}],"about":[{"href":"https:\/\/expressaoms.com.br\/index.php\/wp-json\/wp\/v2\/types\/post"}],"author":[{"embeddable":true,"href":"https:\/\/expressaoms.com.br\/index.php\/wp-json\/wp\/v2\/users\/5"}],"replies":[{"embeddable":true,"href":"https:\/\/expressaoms.com.br\/index.php\/wp-json\/wp\/v2\/comments?post=45909"}],"version-history":[{"count":1,"href":"https:\/\/expressaoms.com.br\/index.php\/wp-json\/wp\/v2\/posts\/45909\/revisions"}],"predecessor-version":[{"id":45911,"href":"https:\/\/expressaoms.com.br\/index.php\/wp-json\/wp\/v2\/posts\/45909\/revisions\/45911"}],"wp:featuredmedia":[{"embeddable":true,"href":"https:\/\/expressaoms.com.br\/index.php\/wp-json\/wp\/v2\/media\/45910"}],"wp:attachment":[{"href":"https:\/\/expressaoms.com.br\/index.php\/wp-json\/wp\/v2\/media?parent=45909"}],"wp:term":[{"taxonomy":"category","embeddable":true,"href":"https:\/\/expressaoms.com.br\/index.php\/wp-json\/wp\/v2\/categories?post=45909"},{"taxonomy":"post_tag","embeddable":true,"href":"https:\/\/expressaoms.com.br\/index.php\/wp-json\/wp\/v2\/tags?post=45909"}],"curies":[{"name":"wp","href":"https:\/\/api.w.org\/{rel}","templated":true}]}}