{"id":45915,"date":"2026-04-29T10:44:17","date_gmt":"2026-04-29T14:44:17","guid":{"rendered":"https:\/\/expressaoms.com.br\/?p=45915"},"modified":"2026-04-29T09:45:56","modified_gmt":"2026-04-29T13:45:56","slug":"servidores-da-prefeitura-participam-de-nova-etapa-do-cidade-empreendedora-e-reforcam-compromisso-com-gestao-moderna","status":"publish","type":"post","link":"https:\/\/expressaoms.com.br\/index.php\/2026\/04\/29\/servidores-da-prefeitura-participam-de-nova-etapa-do-cidade-empreendedora-e-reforcam-compromisso-com-gestao-moderna\/","title":{"rendered":"Servidores da Prefeitura participam de nova etapa do Cidade Empreendedora e refor\u00e7am compromisso com gest\u00e3o moderna"},"content":{"rendered":"<p>A Prefeitura de Tr\u00eas Lagoas segue avan\u00e7ando na constru\u00e7\u00e3o de uma gest\u00e3o p\u00fablica cada vez mais eficiente, inovadora e conectada \u00e0s necessidades da popula\u00e7\u00e3o. Servidores municipais participaram de mais uma etapa do programa\u00a0<strong>Cidade Empreendedora<\/strong>, iniciativa desenvolvida em parceria com o Sebrae que tem como foco fortalecer os munic\u00edpios por meio de capacita\u00e7\u00e3o t\u00e9cnica e planejamento estrat\u00e9gico.<\/p>\n<p>A participa\u00e7\u00e3o dos profissionais demonstra o compromisso da Administra\u00e7\u00e3o Municipal com a qualifica\u00e7\u00e3o cont\u00ednua das equipes e com a busca por solu\u00e7\u00f5es modernas capazes de impulsionar o desenvolvimento econ\u00f4mico e social da cidade.<\/p>\n<p>Durante a nova fase do programa, os servidores tiveram acesso a conte\u00fados voltados ao aprimoramento da gest\u00e3o p\u00fablica, inova\u00e7\u00e3o administrativa, melhoria de processos internos e cria\u00e7\u00e3o de pol\u00edticas p\u00fablicas mais eficazes para atender a popula\u00e7\u00e3o.<\/p>\n<p>O Cidade Empreendedora \u00e9 reconhecido por apoiar os munic\u00edpios na implementa\u00e7\u00e3o de a\u00e7\u00f5es que estimulam o ambiente de neg\u00f3cios, fortalecem o empreendedorismo local e tornam os servi\u00e7os p\u00fablicos mais \u00e1geis e eficientes.<\/p>\n<p>Em Tr\u00eas Lagoas, a ades\u00e3o ao programa refor\u00e7a a vis\u00e3o da atual gest\u00e3o de investir em conhecimento t\u00e9cnico, planejamento e moderniza\u00e7\u00e3o da m\u00e1quina p\u00fablica, garantindo melhores resultados para os cidad\u00e3os.<\/p>\n<p>Al\u00e9m de capacitar os servidores, a iniciativa tamb\u00e9m contribui para aproximar diferentes setores da administra\u00e7\u00e3o municipal, promovendo integra\u00e7\u00e3o entre secretarias e fortalecendo o trabalho coletivo em prol do desenvolvimento da cidade.<\/p>\n<p>A Prefeitura destaca que investir nas pessoas que constroem diariamente o servi\u00e7o p\u00fablico \u00e9 essencial para transformar realidades e preparar Tr\u00eas Lagoas para os desafios do futuro.<\/p>\n<p>Com mais essa etapa conclu\u00edda, o munic\u00edpio segue consolidando uma gest\u00e3o comprometida com inova\u00e7\u00e3o, efici\u00eancia e gera\u00e7\u00e3o de oportunidades para toda a popula\u00e7\u00e3o.<\/p>\n","protected":false},"excerpt":{"rendered":"<p>A Prefeitura de Tr\u00eas Lagoas segue avan\u00e7ando na constru\u00e7\u00e3o de uma gest\u00e3o p\u00fablica cada vez mais eficiente, inovadora e conectada \u00e0s necessidades da popula\u00e7\u00e3o. Servidores municipais participaram de mais uma etapa do programa\u00a0Cidade Empreendedora, iniciativa desenvolvida em parceria com o Sebrae que tem como foco fortalecer os munic\u00edpios por meio de capacita\u00e7\u00e3o t\u00e9cnica e planejamento [&hellip;]<\/p>\n","protected":false},"author":5,"featured_media":45916,"comment_status":"open","ping_status":"open","sticky":false,"template":"","format":"standard","meta":{"om_disable_all_campaigns":false,"_monsterinsights_skip_tracking":false,"_monsterinsights_sitenote_active":false,"_monsterinsights_sitenote_note":"","_monsterinsights_sitenote_category":0,"footnotes":""},"categories":[30,266,193,48],"tags":[],"aioseo_notices":[],"_links":{"self":[{"href":"https:\/\/expressaoms.com.br\/index.php\/wp-json\/wp\/v2\/posts\/45915"}],"collection":[{"href":"https:\/\/expressaoms.com.br\/index.php\/wp-json\/wp\/v2\/posts"}],"about":[{"href":"https:\/\/expressaoms.com.br\/index.php\/wp-json\/wp\/v2\/types\/post"}],"author":[{"embeddable":true,"href":"https:\/\/expressaoms.com.br\/index.php\/wp-json\/wp\/v2\/users\/5"}],"replies":[{"embeddable":true,"href":"https:\/\/expressaoms.com.br\/index.php\/wp-json\/wp\/v2\/comments?post=45915"}],"version-history":[{"count":1,"href":"https:\/\/expressaoms.com.br\/index.php\/wp-json\/wp\/v2\/posts\/45915\/revisions"}],"predecessor-version":[{"id":45917,"href":"https:\/\/expressaoms.com.br\/index.php\/wp-json\/wp\/v2\/posts\/45915\/revisions\/45917"}],"wp:featuredmedia":[{"embeddable":true,"href":"https:\/\/expressaoms.com.br\/index.php\/wp-json\/wp\/v2\/media\/45916"}],"wp:attachment":[{"href":"https:\/\/expressaoms.com.br\/index.php\/wp-json\/wp\/v2\/media?parent=45915"}],"wp:term":[{"taxonomy":"category","embeddable":true,"href":"https:\/\/expressaoms.com.br\/index.php\/wp-json\/wp\/v2\/categories?post=45915"},{"taxonomy":"post_tag","embeddable":true,"href":"https:\/\/expressaoms.com.br\/index.php\/wp-json\/wp\/v2\/tags?post=45915"}],"curies":[{"name":"wp","href":"https:\/\/api.w.org\/{rel}","templated":true}]}}