{"id":45918,"date":"2026-04-29T09:46:50","date_gmt":"2026-04-29T13:46:50","guid":{"rendered":"https:\/\/expressaoms.com.br\/?p=45918"},"modified":"2026-04-29T09:46:50","modified_gmt":"2026-04-29T13:46:50","slug":"campanha-declare-seu-carinho-incentiva-contribuintes-a-destinarem-parte-do-imposto-de-renda-para-projetos-sociais","status":"publish","type":"post","link":"https:\/\/expressaoms.com.br\/index.php\/2026\/04\/29\/campanha-declare-seu-carinho-incentiva-contribuintes-a-destinarem-parte-do-imposto-de-renda-para-projetos-sociais\/","title":{"rendered":"Campanha \u201cDeclare Seu Carinho\u201d incentiva contribuintes a destinarem parte do Imposto de Renda para projetos sociais"},"content":{"rendered":"<p>A Prefeitura de Tr\u00eas Lagoas apoia a campanha \u201cDeclare Seu Carinho\u201d, promovida pelo Minist\u00e9rio P\u00fablico de Mato Grosso do Sul (MPMS), que incentiva contribuintes a destinarem parte do Imposto de Renda devido para fundos que financiam a\u00e7\u00f5es voltadas \u00e0 prote\u00e7\u00e3o de crian\u00e7as, adolescentes e idosos.<\/p>\n<p>A iniciativa busca conscientizar a popula\u00e7\u00e3o de que \u00e9 poss\u00edvel transformar parte do imposto em investimento social, sem custo adicional ao contribuinte. Os valores destinados permanecem no munic\u00edpio e podem ser aplicados em projetos locais que promovem inclus\u00e3o, acolhimento, cidadania e melhoria da qualidade de vida.<\/p>\n<p>Por meio da campanha, pessoas f\u00edsicas e jur\u00eddicas podem direcionar percentual permitido por lei aos Fundos Municipais dos Direitos da Crian\u00e7a e do Adolescente e aos Fundos Municipais da Pessoa Idosa, fortalecendo entidades e programas que atuam diretamente com esses p\u00fablicos.<\/p>\n<p>A Prefeitura destaca que a ades\u00e3o da comunidade \u00e9 fundamental para ampliar os recursos destinados \u00e0s pol\u00edticas p\u00fablicas sociais, garantindo mais atendimento e oportunidades para quem mais precisa.<\/p>\n<p>Al\u00e9m de colaborar com causas importantes, a destina\u00e7\u00e3o \u00e9 simples e pode ser realizada no momento da declara\u00e7\u00e3o do Imposto de Renda, dentro das regras estabelecidas pela Receita Federal. O valor que seria encaminhado integralmente \u00e0 Uni\u00e3o pode beneficiar diretamente projetos desenvolvidos em Tr\u00eas Lagoas.<\/p>\n<p>A Administra\u00e7\u00e3o Municipal refor\u00e7a que a\u00e7\u00f5es como a campanha \u201cDeclare Seu Carinho\u201d demonstram como a uni\u00e3o entre poder p\u00fablico, institui\u00e7\u00f5es e sociedade pode gerar resultados concretos e positivos para a popula\u00e7\u00e3o.<\/p>\n","protected":false},"excerpt":{"rendered":"<p>A Prefeitura de Tr\u00eas Lagoas apoia a campanha \u201cDeclare Seu Carinho\u201d, promovida pelo Minist\u00e9rio P\u00fablico de Mato Grosso do Sul (MPMS), que incentiva contribuintes a destinarem parte do Imposto de Renda devido para fundos que financiam a\u00e7\u00f5es voltadas \u00e0 prote\u00e7\u00e3o de crian\u00e7as, adolescentes e idosos. A iniciativa busca conscientizar a popula\u00e7\u00e3o de que \u00e9 poss\u00edvel [&hellip;]<\/p>\n","protected":false},"author":5,"featured_media":45919,"comment_status":"open","ping_status":"open","sticky":false,"template":"","format":"standard","meta":{"om_disable_all_campaigns":false,"_monsterinsights_skip_tracking":false,"_monsterinsights_sitenote_active":false,"_monsterinsights_sitenote_note":"","_monsterinsights_sitenote_category":0,"footnotes":""},"categories":[30,31,266,193,48],"tags":[],"aioseo_notices":[],"_links":{"self":[{"href":"https:\/\/expressaoms.com.br\/index.php\/wp-json\/wp\/v2\/posts\/45918"}],"collection":[{"href":"https:\/\/expressaoms.com.br\/index.php\/wp-json\/wp\/v2\/posts"}],"about":[{"href":"https:\/\/expressaoms.com.br\/index.php\/wp-json\/wp\/v2\/types\/post"}],"author":[{"embeddable":true,"href":"https:\/\/expressaoms.com.br\/index.php\/wp-json\/wp\/v2\/users\/5"}],"replies":[{"embeddable":true,"href":"https:\/\/expressaoms.com.br\/index.php\/wp-json\/wp\/v2\/comments?post=45918"}],"version-history":[{"count":1,"href":"https:\/\/expressaoms.com.br\/index.php\/wp-json\/wp\/v2\/posts\/45918\/revisions"}],"predecessor-version":[{"id":45920,"href":"https:\/\/expressaoms.com.br\/index.php\/wp-json\/wp\/v2\/posts\/45918\/revisions\/45920"}],"wp:featuredmedia":[{"embeddable":true,"href":"https:\/\/expressaoms.com.br\/index.php\/wp-json\/wp\/v2\/media\/45919"}],"wp:attachment":[{"href":"https:\/\/expressaoms.com.br\/index.php\/wp-json\/wp\/v2\/media?parent=45918"}],"wp:term":[{"taxonomy":"category","embeddable":true,"href":"https:\/\/expressaoms.com.br\/index.php\/wp-json\/wp\/v2\/categories?post=45918"},{"taxonomy":"post_tag","embeddable":true,"href":"https:\/\/expressaoms.com.br\/index.php\/wp-json\/wp\/v2\/tags?post=45918"}],"curies":[{"name":"wp","href":"https:\/\/api.w.org\/{rel}","templated":true}]}}