{"id":45927,"date":"2026-04-29T10:52:57","date_gmt":"2026-04-29T14:52:57","guid":{"rendered":"https:\/\/expressaoms.com.br\/?p=45927"},"modified":"2026-04-29T10:52:57","modified_gmt":"2026-04-29T14:52:57","slug":"seminario-na-camara-de-tres-lagoas-revela-crescimento-de-255-no-numero-de-alunos-autistas-e-aponta-desafios-para-atendimento-integral","status":"publish","type":"post","link":"https:\/\/expressaoms.com.br\/index.php\/2026\/04\/29\/seminario-na-camara-de-tres-lagoas-revela-crescimento-de-255-no-numero-de-alunos-autistas-e-aponta-desafios-para-atendimento-integral\/","title":{"rendered":"Semin\u00e1rio na C\u00e2mara de Tr\u00eas Lagoas revela crescimento de 255% no n\u00famero de alunos autistas e aponta desafios para atendimento integral"},"content":{"rendered":"<p class=\"ds-markdown-paragraph\">Na noite da \u00faltima ter\u00e7a-feira (28), o plen\u00e1rio da C\u00e2mara Municipal de Tr\u00eas Lagoas foi palco de um amplo debate sobre pol\u00edticas p\u00fablicas voltadas ao Transtorno do Espectro Autista (TEA). O semin\u00e1rio, proposto pelo presidente da Casa, vereador Tonh\u00e3o, reuniu secret\u00e1rios municipais, representantes de entidades como APAE, OAB e Associa\u00e7\u00e3o de Pais e Amigos do Autista (AMA), al\u00e9m de especialistas das \u00e1reas de sa\u00fade, educa\u00e7\u00e3o e assist\u00eancia social.<\/p>\n<p class=\"ds-markdown-paragraph\">Um dos dados mais significativos apresentados durante a noite veio da Secretaria Municipal de Educa\u00e7\u00e3o (Semed). Segundo a secret\u00e1ria \u00c2ngela Brito, o munic\u00edpio registrou um crescimento de 255% no n\u00famero de alunos com TEA matriculados na rede p\u00fablica entre os anos de 2022 e 2026.<\/p>\n<p class=\"ds-markdown-paragraph\">&#8220;\u00c9 um n\u00famero arrojado que requer muito estudo e dedica\u00e7\u00e3o para mantermos a qualidade do atendimento&#8221;, afirmou Brito. Para suprir essa demanda, a prefeitura destacou o trabalho de 11 professores especialistas em educa\u00e7\u00e3o especial, al\u00e9m de psic\u00f3logos escolares e int\u00e9rpretes de Libras que atuam de forma itinerante nas unidades de ensino.<\/p>\n<h3>Redu\u00e7\u00e3o de filas na sa\u00fade<\/h3>\n<p class=\"ds-markdown-paragraph\">A secret\u00e1ria municipal de Sa\u00fade, Juliana Salim, apresentou um balan\u00e7o sobre a rede de cuidados. O foco principal foi a redu\u00e7\u00e3o das filas de espera para especialidades essenciais. Segundo Salim, a gest\u00e3o tem conseguido atrair novos profissionais, o que resultou em uma queda expressiva nas demandas reprimidas: a fila de psicologia, que chegava a quase duas mil pessoas, foi reduzida para 630 pacientes.<\/p>\n<p class=\"ds-markdown-paragraph\">O evento tamb\u00e9m deu voz aos conselhos municipais. Elisete Aparecida, presidente do Conselho Municipal das Pessoas com Defici\u00eancia, levantou uma quest\u00e3o crucial: o envelhecimento do autista. Ela defendeu que o esporte seja utilizado como ferramenta de socializa\u00e7\u00e3o cont\u00ednua.<\/p>\n<p class=\"ds-markdown-paragraph\">&#8220;Precisamos de espa\u00e7os para que o autista, ao sair da rede escolar, continue tendo acesso ao esporte e \u00e0 conviv\u00eancia social&#8221;, pontuou.<\/p>\n<h3>Principais desafios apontados<\/h3>\n<p class=\"ds-markdown-paragraph\">A forte press\u00e3o sobre a rede escolar representa um dos principais desafios para a administra\u00e7\u00e3o p\u00fablica, pois o aumento na demanda gera press\u00e3o constante por novos professores de Atendimento Educacional Especializado (AEE) e cuidadores. O desafio \u00e9 manter a qualidade do ensino e o v\u00ednculo afetivo e t\u00e9cnico diante de um crescimento t\u00e3o acelerado.<\/p>\n<p class=\"ds-markdown-paragraph\">Os participantes tamb\u00e9m elencaram a necessidade de intersetorialidade: a demanda por uma maior integra\u00e7\u00e3o entre sa\u00fade, educa\u00e7\u00e3o e assist\u00eancia social foi mencionada como essencial para que o atendimento n\u00e3o seja fragmentado, garantindo que a crian\u00e7a e a fam\u00edlia sejam assistidas em todas as frentes, de forma simult\u00e2nea.<\/p>\n<p class=\"ds-markdown-paragraph\">No setor de sa\u00fade, embora as filas tenham diminu\u00eddo, a secret\u00e1ria Juliana Salim indicou que a maior dificuldade \u00e9 a contrata\u00e7\u00e3o de profissionais. Ainda restam 700 pessoas aguardando psiquiatria adulta e 630 aguardando psicologia, evidenciando que a demanda cresce mais r\u00e1pido que a capacidade de contrata\u00e7\u00e3o.<\/p>\n<p class=\"ds-markdown-paragraph\">Outro desafio \u00e9 a assist\u00eancia ao autista adulto, uma vez que existe uma esp\u00e9cie de vazio assistencial que ocorre quando o autista atinge a idade adulta e sai da rede escolar. O semin\u00e1rio alertou para a falta de pol\u00edticas p\u00fablicas de socializa\u00e7\u00e3o e continuidade de suporte para essa faixa et\u00e1ria, que muitas vezes fica isolada ap\u00f3s o per\u00edodo acad\u00eamico. Tamb\u00e9m foi apontada a necessidade urgente de criar projetos esportivos espec\u00edficos para autistas, que hoje carecem de espa\u00e7os adequados para o desenvolvimento f\u00edsico e social atrav\u00e9s do esporte.<\/p>\n<h3>Novas medidas anunciadas<\/h3>\n<p class=\"ds-markdown-paragraph\">Durante o semin\u00e1rio, foi refor\u00e7ada a implementa\u00e7\u00e3o da Carteira de Identifica\u00e7\u00e3o da Pessoa com Transtorno do Espectro Autista (CIPtea). A medida \u00e9 fundamental para garantir o atendimento priorit\u00e1rio e facilitar o acesso a servi\u00e7os p\u00fablicos e privados, servindo como um instrumento de cidadania e visibilidade.<\/p>\n<p class=\"ds-markdown-paragraph\">A secret\u00e1ria de Sa\u00fade, Juliana Salim, anunciou que a meta \u00e9 sanar as necessidades e reduzir drasticamente as filas de espera at\u00e9 o final de 2026.<\/p>\n<p class=\"ds-markdown-paragraph\">Na educa\u00e7\u00e3o, a medida anunciada foi a consolida\u00e7\u00e3o de 11 professores especialistas em AEE concursados. A escolha pelo concurso p\u00fablico, em vez de contratos tempor\u00e1rios, foi citada como uma estrat\u00e9gia para garantir a continuidade do v\u00ednculo e a qualidade do atendimento pedag\u00f3gico.<\/p>\n<p class=\"ds-markdown-paragraph\">Houve ainda o an\u00fancio de mobiliza\u00e7\u00e3o junto \u00e0 Secretaria Municipal de Esportes, Juventude e Lazer (Sejuvel). O Conselho Municipal das Pessoas com Defici\u00eancia formalizou a demanda para que a secretaria abra frentes espec\u00edficas de esporte adaptado para autistas, visando a socializa\u00e7\u00e3o e a sa\u00fade f\u00edsica.<\/p>\n<h3>Encerramento e participa\u00e7\u00f5es<\/h3>\n<p class=\"ds-markdown-paragraph\">Ao encerrar o semin\u00e1rio, o vereador Tonh\u00e3o refor\u00e7ou o compromisso do Legislativo em apoiar leis que tornem Tr\u00eas Lagoas uma cidade &#8220;mais humana e inclusiva&#8221;. O parlamentar agradeceu a presen\u00e7a da comunidade e de seus pares, como os vereadores Maria Diogo e Marco Silva, ressaltando que o conte\u00fado apresentado servir\u00e1 de base para futuras a\u00e7\u00f5es parlamentares.<\/p>\n<p class=\"ds-markdown-paragraph\">Durante o evento, tamb\u00e9m foi realizada a entrega simb\u00f3lica do livro &#8220;Quando tudo se encaixa&#8221;, da escritora Vivian Bega, que re\u00fane artigos e experi\u00eancias sobre o universo autista.<\/p>\n<p class=\"ds-markdown-paragraph\">O m\u00eas de abril \u00e9 dedicado \u00e0 visibilidade sobre a quest\u00e3o, e o semin\u00e1rio foi realizado dentro deste programa.<\/p>\n<p class=\"ds-markdown-paragraph\">Participaram do semin\u00e1rio o vice-presidente da Associa\u00e7\u00e3o de Pais e Amigos do Autista (AMA), Fl\u00e1vio Belchior; o presidente da Apae, Nelson Silva Torres; o secret\u00e1rio municipal de Assist\u00eancia Social, Fernando Garcia de Brito; e o presidente da OAB, Tiago Martinho.<\/p>\n","protected":false},"excerpt":{"rendered":"<p>Na noite da \u00faltima ter\u00e7a-feira (28), o plen\u00e1rio da C\u00e2mara Municipal de Tr\u00eas Lagoas foi palco de um amplo debate sobre pol\u00edticas p\u00fablicas voltadas ao Transtorno do Espectro Autista (TEA). O semin\u00e1rio, proposto pelo presidente da Casa, vereador Tonh\u00e3o, reuniu secret\u00e1rios municipais, representantes de entidades como APAE, OAB e Associa\u00e7\u00e3o de Pais e Amigos do [&hellip;]<\/p>\n","protected":false},"author":5,"featured_media":45928,"comment_status":"open","ping_status":"open","sticky":false,"template":"","format":"standard","meta":{"om_disable_all_campaigns":false,"_monsterinsights_skip_tracking":false,"_monsterinsights_sitenote_active":false,"_monsterinsights_sitenote_note":"","_monsterinsights_sitenote_category":0,"footnotes":""},"categories":[30,266,42,193,48],"tags":[],"aioseo_notices":[],"_links":{"self":[{"href":"https:\/\/expressaoms.com.br\/index.php\/wp-json\/wp\/v2\/posts\/45927"}],"collection":[{"href":"https:\/\/expressaoms.com.br\/index.php\/wp-json\/wp\/v2\/posts"}],"about":[{"href":"https:\/\/expressaoms.com.br\/index.php\/wp-json\/wp\/v2\/types\/post"}],"author":[{"embeddable":true,"href":"https:\/\/expressaoms.com.br\/index.php\/wp-json\/wp\/v2\/users\/5"}],"replies":[{"embeddable":true,"href":"https:\/\/expressaoms.com.br\/index.php\/wp-json\/wp\/v2\/comments?post=45927"}],"version-history":[{"count":1,"href":"https:\/\/expressaoms.com.br\/index.php\/wp-json\/wp\/v2\/posts\/45927\/revisions"}],"predecessor-version":[{"id":45929,"href":"https:\/\/expressaoms.com.br\/index.php\/wp-json\/wp\/v2\/posts\/45927\/revisions\/45929"}],"wp:featuredmedia":[{"embeddable":true,"href":"https:\/\/expressaoms.com.br\/index.php\/wp-json\/wp\/v2\/media\/45928"}],"wp:attachment":[{"href":"https:\/\/expressaoms.com.br\/index.php\/wp-json\/wp\/v2\/media?parent=45927"}],"wp:term":[{"taxonomy":"category","embeddable":true,"href":"https:\/\/expressaoms.com.br\/index.php\/wp-json\/wp\/v2\/categories?post=45927"},{"taxonomy":"post_tag","embeddable":true,"href":"https:\/\/expressaoms.com.br\/index.php\/wp-json\/wp\/v2\/tags?post=45927"}],"curies":[{"name":"wp","href":"https:\/\/api.w.org\/{rel}","templated":true}]}}