{"id":4593,"date":"2022-02-14T06:57:45","date_gmt":"2022-02-14T09:57:45","guid":{"rendered":"https:\/\/expressaoms.com.br\/?p=4593"},"modified":"2022-02-14T14:15:55","modified_gmt":"2022-02-14T17:15:55","slug":"acidentes-de-transito-com-obitos-em-tres-lagoas-tem-queda-de","status":"publish","type":"post","link":"https:\/\/expressaoms.com.br\/index.php\/2022\/02\/14\/acidentes-de-transito-com-obitos-em-tres-lagoas-tem-queda-de\/","title":{"rendered":"Acidentes de tr\u00e2nsito com \u00f3bitos em Tr\u00eas Lagoas tem queda de 33%"},"content":{"rendered":"<p><span style=\"vertical-align: inherit;\"><span style=\"vertical-align: inherit;\">Foram registrados de janeiro a dezembro do ano passado seis mortes no per\u00edmetro urbano de Tr\u00eas Lagoas, o n\u00famero \u00e9 33% menor comparado ao mesmo per\u00edodo de 2020, segundo dados da Diretoria de Tr\u00e2nsito da Secretaria Municipal de Infraestrutura, Transporte e Tr\u00e2nsito (SEINTRA).<\/span><\/span><\/p>\n<p>No ano de 2020 foram contabilizados, durante os doze meses, nove \u00f3bitos em acidentes nas vias da cidade. Neste ano, uma morte j\u00e1 foi registrada no Munic\u00edpio, no dia 22\/01.<\/p>\n<p>De acordo com Edgard Wegner, Autoridade Municipal de Tr\u00e2nsito, a queda \u00e9 baseada em tr\u00eas fatores que s\u00e3o os pilares do trabalho realizado pela Diretoria.<\/p>\n<p>\u201cOs tr\u00eas pilares do tr\u00e2nsito s\u00e3o: engenharia \u2013 respons\u00e1vel pelas sinaliza\u00e7\u00f5es, pinturas e etc; educa\u00e7\u00e3o \u2013 pela conscientiza\u00e7\u00e3o da sociedade e a fiscaliza\u00e7\u00e3o \u2013 de forma repressiva abordando, orientando e notificando os infratores\u201d, explicou a Autoridade.<\/p>\n<p>PLANO PARA REDU\u00c7\u00c3O DE MORTES NO TR\u00c2NSITO<\/p>\n<p><span style=\"vertical-align: inherit;\"><span style=\"vertical-align: inherit;\">No fim do ano passado, no m\u00eas de dezembro, o Estado assinou o Termo de Compromisso e participa\u00e7\u00e3o no PNATRANS (Plano Nacional de Redu\u00e7\u00e3o de Mortes e Les\u00f5es no Tr\u00e2nsito) que tem como desafio implementado reduzir pela metade o n\u00famero de mortos no tr\u00e2nsito, seja em vias urbanas ou rodovias, em todo o Pa\u00eds no per\u00edodo de uma d\u00e9cada, salvando 86 mil vidas de acidentes.<\/span><\/span><\/p>\n<p><span style=\"vertical-align: inherit;\"><span style=\"vertical-align: inherit;\">A\u00c7\u00d5ES TR\u00caS LAGOAS<\/span><\/span><\/p>\n<p><span style=\"vertical-align: inherit;\"><span style=\"vertical-align: inherit;\">Na pr\u00f3xima semana, a Diretoria de Tr\u00e2nsito voltar\u00e1 com as reuni\u00f5es do GGIT (Gabinete de Gest\u00e3o Integrada de Tr\u00e2nsito) para intensificar meios de promover a seguran\u00e7a vi\u00e1ria no Munic\u00edpio.<\/span><\/span><\/p>\n<p><span style=\"vertical-align: inherit;\"><span style=\"vertical-align: inherit;\">Fonte: PMTL<\/span><\/span><\/p>\n","protected":false},"excerpt":{"rendered":"<p>Foram registrados de janeiro a dezembro do ano passado seis mortes no per\u00edmetro urbano de Tr\u00eas Lagoas, o n\u00famero \u00e9 33% menor comparado ao mesmo per\u00edodo de 2020, segundo dados da Diretoria de Tr\u00e2nsito da Secretaria Municipal de Infraestrutura, Transporte e Tr\u00e2nsito (SEINTRA). No ano de 2020 foram contabilizados, durante os doze meses, nove \u00f3bitos [&hellip;]<\/p>\n","protected":false},"author":2,"featured_media":4594,"comment_status":"open","ping_status":"open","sticky":false,"template":"","format":"standard","meta":{"om_disable_all_campaigns":false,"_monsterinsights_skip_tracking":false,"_monsterinsights_sitenote_active":false,"_monsterinsights_sitenote_note":"","_monsterinsights_sitenote_category":0,"footnotes":""},"categories":[30,36,48],"tags":[],"aioseo_notices":[],"_links":{"self":[{"href":"https:\/\/expressaoms.com.br\/index.php\/wp-json\/wp\/v2\/posts\/4593"}],"collection":[{"href":"https:\/\/expressaoms.com.br\/index.php\/wp-json\/wp\/v2\/posts"}],"about":[{"href":"https:\/\/expressaoms.com.br\/index.php\/wp-json\/wp\/v2\/types\/post"}],"author":[{"embeddable":true,"href":"https:\/\/expressaoms.com.br\/index.php\/wp-json\/wp\/v2\/users\/2"}],"replies":[{"embeddable":true,"href":"https:\/\/expressaoms.com.br\/index.php\/wp-json\/wp\/v2\/comments?post=4593"}],"version-history":[{"count":2,"href":"https:\/\/expressaoms.com.br\/index.php\/wp-json\/wp\/v2\/posts\/4593\/revisions"}],"predecessor-version":[{"id":4608,"href":"https:\/\/expressaoms.com.br\/index.php\/wp-json\/wp\/v2\/posts\/4593\/revisions\/4608"}],"wp:featuredmedia":[{"embeddable":true,"href":"https:\/\/expressaoms.com.br\/index.php\/wp-json\/wp\/v2\/media\/4594"}],"wp:attachment":[{"href":"https:\/\/expressaoms.com.br\/index.php\/wp-json\/wp\/v2\/media?parent=4593"}],"wp:term":[{"taxonomy":"category","embeddable":true,"href":"https:\/\/expressaoms.com.br\/index.php\/wp-json\/wp\/v2\/categories?post=4593"},{"taxonomy":"post_tag","embeddable":true,"href":"https:\/\/expressaoms.com.br\/index.php\/wp-json\/wp\/v2\/tags?post=4593"}],"curies":[{"name":"wp","href":"https:\/\/api.w.org\/{rel}","templated":true}]}}