{"id":45939,"date":"2026-04-29T15:17:54","date_gmt":"2026-04-29T19:17:54","guid":{"rendered":"https:\/\/expressaoms.com.br\/?p=45939"},"modified":"2026-04-29T14:49:47","modified_gmt":"2026-04-29T18:49:47","slug":"veja-o-que-abre-e-o-que-fecha-em-1o-de-maio-dia-do-trabalhador","status":"publish","type":"post","link":"https:\/\/expressaoms.com.br\/index.php\/2026\/04\/29\/veja-o-que-abre-e-o-que-fecha-em-1o-de-maio-dia-do-trabalhador\/","title":{"rendered":"Veja o que abre e o que fecha em 1\u00ba de Maio, Dia do Trabalhador"},"content":{"rendered":"<p>Nesta sexta-feira, 1\u00ba de maio, diversos setores p\u00fablicos e privados estar\u00e3o fechados por conta do feriado do Dia do Trabalhador, que voltam ao expediente normal na segunda-feira, 04 de maio, \u00e0s 7h.<\/p>\n<p>Desta forma, a Prefeitura de Tr\u00eas Lagoas informa quais s\u00e3o os setores que estar\u00e3o fechados e quais funcionar\u00e3o neste per\u00edodo.<\/p>\n<p><strong>O QUE ABRE E O QUE FECHA?<\/strong><\/p>\n<p>N\u00e3o haver\u00e1 expediente nas secretarias municipais no dia 01 de maio, durante todo o dia, bem como nos departamentos de atendimento ao p\u00fablico, CRAS, CREAS, Procon, Tributa\u00e7\u00e3o e Tr\u00e2nsito.<\/p>\n<p><strong>SA\u00daDE<\/strong><\/p>\n<p><strong><em>UNIDADES DE SA\u00daDE \u2013<\/em><\/strong>\u00a0As Unidades de Sa\u00fade da Fam\u00edlia (USF) estar\u00e3o fechadas, mas voltam a funcionar em hor\u00e1rio normal de expediente e com todos os servi\u00e7os na segunda-feira, 04 de maio.<\/p>\n<p><strong><em>URG\u00caNCIA E EMERG\u00caNCIA \u2013<\/em><\/strong>\u00a0Os servi\u00e7os de urg\u00eancia e emerg\u00eancia (SAMU, Bombeiros, UPA e Hospitais), funcionam normalmente.<\/p>\n<p>Al\u00e9m disso, a Secretaria Municipal de Sa\u00fade (SMS) disponibiliza um Whatsapp para que a popula\u00e7\u00e3o possa esclarecer d\u00favidas nesse per\u00edodo, segue: (67) 98139-3273.<\/p>\n<p><strong>ASSIST\u00caNCIA SOCIAL<\/strong><\/p>\n<p>Pela Secretaria de Assist\u00eancia Social (SMAS), permanecer\u00e1 o atendimento no Acolhimento Institucionais. Em caso de emerg\u00eancia ou necessidade de atendimento, a popula\u00e7\u00e3o pode entrar em contato pelo telefone (67) 67 9274-4942 e falar com os servidores plantonistas da pasta.<\/p>\n<p><strong>MEIO AMBIENTE<\/strong><\/p>\n<p>O servi\u00e7o do Burac\u00e3o do Jupi\u00e1 n\u00e3o funcionar\u00e1 apenas na sexta-feira, 1\u00ba de maio, devido ao feriado. No s\u00e1bado, 2 de maio, o atendimento ocorrer\u00e1 normalmente. A coleta de lixo e de animais mortos funcionar\u00e1 normalmente durante todo o per\u00edodo. O Ecoponto de pneus estar\u00e1 fechado na sexta-feira, 1\u00ba de maio, e retornar\u00e1 na segunda-feira, 4 de maio.<\/p>\n<p><strong>INFRAESTRUTURA E TR\u00c2NSITO<\/strong><\/p>\n<p>Equipes do Departamento de Servi\u00e7os P\u00fablicos (DSP) e da Diretoria Municipal de Tr\u00e2nsito estar\u00e3o em escala de plant\u00e3o nos servi\u00e7os de obras e reparos. Com isso, caso a popula\u00e7\u00e3o precise de apoio do DSP basta enviar mensagem de texto para o Whatsapp (67) 9217-9946.<\/p>\n<p><strong>EDUCA\u00c7\u00c3O<\/strong><\/p>\n<p>A Secretaria Municipal de Educa\u00e7\u00e3o e Cultura e suas unidades (Centros de Educa\u00e7\u00e3o Infantil, Escolas e Diretoria de Cultura), estar\u00e3o com suas atividades suspensas no dia, retornando o atendimento ao p\u00fablico no dia 04 de maio, segunda-feira.<\/p>\n<p><strong>ESPORTE<\/strong><\/p>\n<p>As quadras dos Gin\u00e1sios Esportivos \u201cCacilda Acre Rocha\u201d e Poliesportivo \u201cEduardo Milanez\u201d estar\u00e3o \u00e0 disposi\u00e7\u00e3o da popula\u00e7\u00e3o que fez agendamento antecipado.<\/p>\n<p><strong>BALNE\u00c1RIO<\/strong><\/p>\n<p>No dia 1\u00ba o balne\u00e1rio estar\u00e1 recebendo o 15\u2070 Torneio de Pescas, assim como no dia 30 de abril e dia 2 de maio, com entrada gratuita. Durante o per\u00edodo, a rampa n\u00e1utica permanecer\u00e1 interditada para a realiza\u00e7\u00e3o das atividades do torneio.<\/p>\n<p><strong>FEIRA CENTRAL TUR\u00cdSTICA, SHOPPING POPULAR E CASA DO ARTES\u00c3O<\/strong><\/p>\n<p>A Feira Central Tur\u00edstica funcionar\u00e1 normalmente, conforme os hor\u00e1rios seguidos diariamente. O Shopping Popular, por sua vez, funcionar\u00e1 das 8h \u00e0s 12h. J\u00e1 a Casa do Artes\u00e3o, estar\u00e1 fechada na sexta-feira (1\u00ba).<\/p>\n","protected":false},"excerpt":{"rendered":"<p>Nesta sexta-feira, 1\u00ba de maio, diversos setores p\u00fablicos e privados estar\u00e3o fechados por conta do feriado do Dia do Trabalhador, que voltam ao expediente normal na segunda-feira, 04 de maio, \u00e0s 7h. Desta forma, a Prefeitura de Tr\u00eas Lagoas informa quais s\u00e3o os setores que estar\u00e3o fechados e quais funcionar\u00e3o neste per\u00edodo. O QUE ABRE [&hellip;]<\/p>\n","protected":false},"author":5,"featured_media":0,"comment_status":"open","ping_status":"open","sticky":false,"template":"","format":"standard","meta":{"om_disable_all_campaigns":false,"_monsterinsights_skip_tracking":false,"_monsterinsights_sitenote_active":false,"_monsterinsights_sitenote_note":"","_monsterinsights_sitenote_category":0,"footnotes":""},"categories":[30,36,266,193,48],"tags":[],"aioseo_notices":[],"_links":{"self":[{"href":"https:\/\/expressaoms.com.br\/index.php\/wp-json\/wp\/v2\/posts\/45939"}],"collection":[{"href":"https:\/\/expressaoms.com.br\/index.php\/wp-json\/wp\/v2\/posts"}],"about":[{"href":"https:\/\/expressaoms.com.br\/index.php\/wp-json\/wp\/v2\/types\/post"}],"author":[{"embeddable":true,"href":"https:\/\/expressaoms.com.br\/index.php\/wp-json\/wp\/v2\/users\/5"}],"replies":[{"embeddable":true,"href":"https:\/\/expressaoms.com.br\/index.php\/wp-json\/wp\/v2\/comments?post=45939"}],"version-history":[{"count":1,"href":"https:\/\/expressaoms.com.br\/index.php\/wp-json\/wp\/v2\/posts\/45939\/revisions"}],"predecessor-version":[{"id":45940,"href":"https:\/\/expressaoms.com.br\/index.php\/wp-json\/wp\/v2\/posts\/45939\/revisions\/45940"}],"wp:attachment":[{"href":"https:\/\/expressaoms.com.br\/index.php\/wp-json\/wp\/v2\/media?parent=45939"}],"wp:term":[{"taxonomy":"category","embeddable":true,"href":"https:\/\/expressaoms.com.br\/index.php\/wp-json\/wp\/v2\/categories?post=45939"},{"taxonomy":"post_tag","embeddable":true,"href":"https:\/\/expressaoms.com.br\/index.php\/wp-json\/wp\/v2\/tags?post=45939"}],"curies":[{"name":"wp","href":"https:\/\/api.w.org\/{rel}","templated":true}]}}