{"id":45944,"date":"2026-04-29T14:56:26","date_gmt":"2026-04-29T18:56:26","guid":{"rendered":"https:\/\/expressaoms.com.br\/?p=45944"},"modified":"2026-04-29T14:56:26","modified_gmt":"2026-04-29T18:56:26","slug":"policia-civil-militar-e-prefeitura-realizam-operacao-contra-receptacao-e-apreendem-cobre-e-drogas-em-tres-lagoas-ms","status":"publish","type":"post","link":"https:\/\/expressaoms.com.br\/index.php\/2026\/04\/29\/policia-civil-militar-e-prefeitura-realizam-operacao-contra-receptacao-e-apreendem-cobre-e-drogas-em-tres-lagoas-ms\/","title":{"rendered":"Pol\u00edcia Civil, Militar e Prefeitura realizam opera\u00e7\u00e3o contra recepta\u00e7\u00e3o e apreendem cobre e drogas em Tr\u00eas Lagoas\/MS"},"content":{"rendered":"<p class=\"ds-markdown-paragraph\">Em uma for\u00e7a-tarefa alinhada entre as for\u00e7as de seguran\u00e7a e o poder p\u00fablico municipal, a Pol\u00edcia Civil de Tr\u00eas Lagoas, com o apoio da Pol\u00edcia Militar e da Prefeitura Municipal, deflagrou na manh\u00e3 desta quarta-feira (29) uma opera\u00e7\u00e3o de combate a crimes patrimoniais, com foco especial na recepta\u00e7\u00e3o de cobre e derivados \u2014 crime que alimenta o furto de cabos de energia el\u00e9trica na regi\u00e3o.<\/p>\n<p class=\"ds-markdown-paragraph\">A a\u00e7\u00e3o teve como alvo principais pontos de reciclagem e ferros-velhos da cidade, locais apontados por levantamentos de intelig\u00eancia como poss\u00edveis receptadores de materiais de origem il\u00edcita. Durante as vistorias realizadas por equipes integradas, foram apreendidos cabos de cobre e entorpecentes, o que refor\u00e7a a suspeita de que alguns estabelecimentos funcionavam como base para m\u00faltiplas atividades criminosas.<\/p>\n<p class=\"ds-markdown-paragraph\">No curso das dilig\u00eancias, os agentes localizaram um homem de 52 anos, identificado pelas iniciais M.J.D.S., em um estabelecimento de reciclagem. Contra ele, havia um mandado de pris\u00e3o em aberto \u2014 M.J.D.S. estava evadido do sistema prisional desde dezembro de 2025 e foi imediatamente detido.<\/p>\n<p class=\"ds-markdown-paragraph\">Durante a vistoria minuciosa no local, os investigadores encontraram cerca de um quilo de maconja escondido em meio a bags de latinhas de alum\u00ednio, evid\u00eancia clara de que o ponto tamb\u00e9m servia para o tr\u00e1fico de drogas.<\/p>\n<p class=\"ds-markdown-paragraph\">De acordo com a Pol\u00edcia Civil, a opera\u00e7\u00e3o visa coibir a atua\u00e7\u00e3o de receptadores que incentivam furtos de cabos de energia \u2014 crime que tem gerado preju\u00edzos recorrentes \u00e0 popula\u00e7\u00e3o e a servi\u00e7os essenciais, como ilumina\u00e7\u00e3o p\u00fablica e redes de transmiss\u00e3o. A recepta\u00e7\u00e3o, lembram os investigadores, \u00e9 um dos principais fatores de sustenta\u00e7\u00e3o dos furtos patrimoniais.<\/p>\n<p class=\"ds-markdown-paragraph\">&#8220;A atua\u00e7\u00e3o conjunta entre as pol\u00edcias e a Prefeitura \u00e9 fundamental para desarticular essas estruturas. N\u00e3o vamos tolerar que estabelecimentos comerciais sirvam de fachada para atividades il\u00edcitas&#8221;, destacou um dos coordenadores da opera\u00e7\u00e3o.<\/p>\n<p class=\"ds-markdown-paragraph\">A Pol\u00edcia Civil refor\u00e7ou que opera\u00e7\u00f5es como essa ter\u00e3o continuidade nos pr\u00f3ximos dias e semanas, com novas fiscaliza\u00e7\u00f5es e a\u00e7\u00f5es de intelig\u00eancia. O objetivo \u00e9 desarticular definitivamente os pontos ilegais de recepta\u00e7\u00e3o, responsabilizar os envolvidos e ampliar a sensa\u00e7\u00e3o de seguran\u00e7a da popula\u00e7\u00e3o de Tr\u00eas Lagoas\/MS.<\/p>\n<p class=\"ds-markdown-paragraph\">As investiga\u00e7\u00f5es seguem em andamento para identificar outros poss\u00edveis envolvidos nos esquemas de recepta\u00e7\u00e3o de cobre e tr\u00e1fico de drogas.<\/p>\n","protected":false},"excerpt":{"rendered":"<p>Em uma for\u00e7a-tarefa alinhada entre as for\u00e7as de seguran\u00e7a e o poder p\u00fablico municipal, a Pol\u00edcia Civil de Tr\u00eas Lagoas, com o apoio da Pol\u00edcia Militar e da Prefeitura Municipal, deflagrou na manh\u00e3 desta quarta-feira (29) uma opera\u00e7\u00e3o de combate a crimes patrimoniais, com foco especial na recepta\u00e7\u00e3o de cobre e derivados \u2014 crime que [&hellip;]<\/p>\n","protected":false},"author":5,"featured_media":45945,"comment_status":"open","ping_status":"open","sticky":false,"template":"","format":"standard","meta":{"om_disable_all_campaigns":false,"_monsterinsights_skip_tracking":false,"_monsterinsights_sitenote_active":false,"_monsterinsights_sitenote_note":"","_monsterinsights_sitenote_category":0,"footnotes":""},"categories":[30,266,41,193,48],"tags":[],"aioseo_notices":[],"_links":{"self":[{"href":"https:\/\/expressaoms.com.br\/index.php\/wp-json\/wp\/v2\/posts\/45944"}],"collection":[{"href":"https:\/\/expressaoms.com.br\/index.php\/wp-json\/wp\/v2\/posts"}],"about":[{"href":"https:\/\/expressaoms.com.br\/index.php\/wp-json\/wp\/v2\/types\/post"}],"author":[{"embeddable":true,"href":"https:\/\/expressaoms.com.br\/index.php\/wp-json\/wp\/v2\/users\/5"}],"replies":[{"embeddable":true,"href":"https:\/\/expressaoms.com.br\/index.php\/wp-json\/wp\/v2\/comments?post=45944"}],"version-history":[{"count":1,"href":"https:\/\/expressaoms.com.br\/index.php\/wp-json\/wp\/v2\/posts\/45944\/revisions"}],"predecessor-version":[{"id":45946,"href":"https:\/\/expressaoms.com.br\/index.php\/wp-json\/wp\/v2\/posts\/45944\/revisions\/45946"}],"wp:featuredmedia":[{"embeddable":true,"href":"https:\/\/expressaoms.com.br\/index.php\/wp-json\/wp\/v2\/media\/45945"}],"wp:attachment":[{"href":"https:\/\/expressaoms.com.br\/index.php\/wp-json\/wp\/v2\/media?parent=45944"}],"wp:term":[{"taxonomy":"category","embeddable":true,"href":"https:\/\/expressaoms.com.br\/index.php\/wp-json\/wp\/v2\/categories?post=45944"},{"taxonomy":"post_tag","embeddable":true,"href":"https:\/\/expressaoms.com.br\/index.php\/wp-json\/wp\/v2\/tags?post=45944"}],"curies":[{"name":"wp","href":"https:\/\/api.w.org\/{rel}","templated":true}]}}