{"id":45954,"date":"2026-04-30T10:57:12","date_gmt":"2026-04-30T14:57:12","guid":{"rendered":"https:\/\/expressaoms.com.br\/?p=45954"},"modified":"2026-04-30T11:15:32","modified_gmt":"2026-04-30T15:15:32","slug":"cafe-com-elogio-homenageia-servidores-da-saude-em-evento-marcado-por-emocao-e-reconhecimento","status":"publish","type":"post","link":"https:\/\/expressaoms.com.br\/index.php\/2026\/04\/30\/cafe-com-elogio-homenageia-servidores-da-saude-em-evento-marcado-por-emocao-e-reconhecimento\/","title":{"rendered":"\u201cCaf\u00e9 com Elogio\u201d homenageia servidores da Sa\u00fade em evento marcado por emo\u00e7\u00e3o e reconhecimento"},"content":{"rendered":"<p class=\"ds-markdown-paragraph\">A Prefeitura Municipal, por meio da Secretaria de Sa\u00fade, realizou na manh\u00e3 desta quinta-feira (30) o evento \u201cCaf\u00e9 com Elogio\u201d, no Plen\u00e1rio da C\u00e2mara Municipal de Santos Dumont. A solenidade foi dedicada a reconhecer e valorizar o trabalho dos servidores da pasta, que atuam diariamente nas mais diversas frentes do atendimento \u00e0 popula\u00e7\u00e3o.<\/p>\n<p class=\"ds-markdown-paragraph\">A mesa diretora do evento contou com a presen\u00e7a de Angelina Zuque (Conselho de Sa\u00fade), Jamile Gomes (representando os diretores da Sa\u00fade), vereador Daniel da farm\u00e1cia (Executivo), a vereadora Sirlene da Sa\u00fade, o prefeito Cassiano Maia \u2013 que precisou se ausentar para um compromisso externo \u2013 e o presidente da C\u00e2mara, Antonio Luiz Teixeira Empke Jr., o Tonh\u00e3o.<\/p>\n<p class=\"ds-markdown-paragraph\">Em entrevista ao\u00a0<strong><em>Express\u00e3o MS<\/em><\/strong>, o presidente da C\u00e2mara, Tonh\u00e3o, destacou o simbolismo do evento realizado dentro do Legislativo. \u201cEu fico muito feliz por essa iniciativa. A gente precisa reconhecer o trabalho que todo mundo est\u00e1 prestando. \u00c9 uma pauta muito sens\u00edvel \u00e0 sa\u00fade. Todos aqui, n\u00f3s tamb\u00e9m passamos por problemas, adversidades, precisamos ser compreendidos\u201d, afirmou.<\/p>\n<p class=\"ds-markdown-paragraph\">Ele ressaltou que os servidores entregam o melhor de si e que a\u00e7\u00f5es como o \u201cCaf\u00e9 com Elogio\u201d tornam a gest\u00e3o mais humana. \u201cIsso aproxima e torna a gest\u00e3o mais humana, mais sens\u00edvel, mais pr\u00f3xima, mais intimista. E quem ganha \u00e9 a popula\u00e7\u00e3o, porque n\u00f3s temos a miss\u00e3o de servir, de colaborar e fazer com que nossa cidade seja cada vez mais desenvolvida e solid\u00e1ria\u201d, completou.<\/p>\n<p class=\"ds-markdown-paragraph\">A secret\u00e1ria municipal de Sa\u00fade,\u00a0Juliana Salim, emocionou os presentes ao falar sobre a rotina dos profissionais. \u201cN\u00f3s transbordamos alegria, transbordamos amor. Estamos aqui para curar, sim, os outros, \u00e0s vezes n\u00e3o s\u00f3 com medicamento, mas com a palavra, com a compreens\u00e3o\u201d, declarou.<\/p>\n<p class=\"ds-markdown-paragraph\">Salim refor\u00e7ou o compromisso da gest\u00e3o do prefeito Cassiano Maia em mudar o paradigma da sa\u00fade no munic\u00edpio. \u201cA vis\u00e3o do doutor Cassiano \u00e9 mudar o novo. Estamos aqui empenhados para trazer gratifica\u00e7\u00e3o, valoriza\u00e7\u00e3o. Sabemos que tudo precisa ser melhorado, mas j\u00e1 percorremos um bom caminho\u201d, disse.<\/p>\n<p class=\"ds-markdown-paragraph\">A secret\u00e1ria fez quest\u00e3o de citar nominalmente os setores que atuam em regime de plant\u00e3o e sobreaviso: \u201cAgrade\u00e7o a cada servidor da sa\u00fade que desempenha de manh\u00e3 \u00e0 noite, na madrugada, na UPA, no SAMU, que sai de suas resid\u00eancias no s\u00e1bado, feriado, Dia das M\u00e3es, no Natal, e se empenha pelo outro. O SAMU brilha, \u00e9 uma luz que brilha, tem conseguido salvar vidas. Eles tentam, eles v\u00e3o e eles conseguem.\u201d<\/p>\n<p class=\"ds-markdown-paragraph\">Em primeira m\u00e3o ao\u00a0<strong><em>Express\u00e3o MS<\/em><\/strong>, a secret\u00e1ria Juliana Salim antecipou avan\u00e7os na rede municipal. \u201cTemos a novidade da Arauco, que come\u00e7ou agora no s\u00e1bado e domingo \u2013 s\u00e3o mais de 3 mil exames e procedimentos. E temos uma novidade para os pr\u00f3ximos dias. No pr\u00f3ximo anivers\u00e1rio da sa\u00fade, vamos ter um \u2018zera fila\u2019. Estamos trabalhando nisso. Mais para frente eu passo as \u2018quentinhas\u2019 para voc\u00eas\u201d, adiantou, entre sorrisos.<\/p>\n<p class=\"ds-markdown-paragraph\">O evento, que levou o nome simb\u00f3lico de \u201cCaf\u00e9 com Elogio\u201d, foi planejado como o primeiro de muitos. \u201c\u00c9 um evento de valoriza\u00e7\u00e3o. O primeiro caf\u00e9 com elogio de muitos que vir\u00e3o. Com certeza\u201d, concluiu a secret\u00e1ria.<\/p>\n","protected":false},"excerpt":{"rendered":"<p>A Prefeitura Municipal, por meio da Secretaria de Sa\u00fade, realizou na manh\u00e3 desta quinta-feira (30) o evento \u201cCaf\u00e9 com Elogio\u201d, no Plen\u00e1rio da C\u00e2mara Municipal de Santos Dumont. A solenidade foi dedicada a reconhecer e valorizar o trabalho dos servidores da pasta, que atuam diariamente nas mais diversas frentes do atendimento \u00e0 popula\u00e7\u00e3o. A mesa [&hellip;]<\/p>\n","protected":false},"author":5,"featured_media":45955,"comment_status":"open","ping_status":"open","sticky":false,"template":"","format":"standard","meta":{"om_disable_all_campaigns":false,"_monsterinsights_skip_tracking":false,"_monsterinsights_sitenote_active":false,"_monsterinsights_sitenote_note":"","_monsterinsights_sitenote_category":0,"footnotes":""},"categories":[30,266,193,48],"tags":[],"aioseo_notices":[],"_links":{"self":[{"href":"https:\/\/expressaoms.com.br\/index.php\/wp-json\/wp\/v2\/posts\/45954"}],"collection":[{"href":"https:\/\/expressaoms.com.br\/index.php\/wp-json\/wp\/v2\/posts"}],"about":[{"href":"https:\/\/expressaoms.com.br\/index.php\/wp-json\/wp\/v2\/types\/post"}],"author":[{"embeddable":true,"href":"https:\/\/expressaoms.com.br\/index.php\/wp-json\/wp\/v2\/users\/5"}],"replies":[{"embeddable":true,"href":"https:\/\/expressaoms.com.br\/index.php\/wp-json\/wp\/v2\/comments?post=45954"}],"version-history":[{"count":4,"href":"https:\/\/expressaoms.com.br\/index.php\/wp-json\/wp\/v2\/posts\/45954\/revisions"}],"predecessor-version":[{"id":45959,"href":"https:\/\/expressaoms.com.br\/index.php\/wp-json\/wp\/v2\/posts\/45954\/revisions\/45959"}],"wp:featuredmedia":[{"embeddable":true,"href":"https:\/\/expressaoms.com.br\/index.php\/wp-json\/wp\/v2\/media\/45955"}],"wp:attachment":[{"href":"https:\/\/expressaoms.com.br\/index.php\/wp-json\/wp\/v2\/media?parent=45954"}],"wp:term":[{"taxonomy":"category","embeddable":true,"href":"https:\/\/expressaoms.com.br\/index.php\/wp-json\/wp\/v2\/categories?post=45954"},{"taxonomy":"post_tag","embeddable":true,"href":"https:\/\/expressaoms.com.br\/index.php\/wp-json\/wp\/v2\/tags?post=45954"}],"curies":[{"name":"wp","href":"https:\/\/api.w.org\/{rel}","templated":true}]}}