{"id":45960,"date":"2026-04-30T13:18:57","date_gmt":"2026-04-30T17:18:57","guid":{"rendered":"https:\/\/expressaoms.com.br\/?p=45960"},"modified":"2026-04-30T11:20:02","modified_gmt":"2026-04-30T15:20:02","slug":"seintra-avanca-com-mais-uma-frente-de-recapeamento-e-atende-trecho-da-rua-bruno-garcia","status":"publish","type":"post","link":"https:\/\/expressaoms.com.br\/index.php\/2026\/04\/30\/seintra-avanca-com-mais-uma-frente-de-recapeamento-e-atende-trecho-da-rua-bruno-garcia\/","title":{"rendered":"SEINTRA avan\u00e7a com mais uma frente de recapeamento e atende trecho da Rua Bruno Garcia"},"content":{"rendered":"<p>A Prefeitura de Tr\u00eas Lagoas, por meio da Secretaria Municipal de Infraestrutura, Transporte e Tr\u00e2nsito (SEINTRA), segue ampliando as melhorias vi\u00e1rias em diferentes regi\u00f5es da cidade. Desta vez, as equipes do Departamento de Servi\u00e7os P\u00fablicos (DSP) est\u00e3o executando mais uma obra de recapeamento asf\u00e1ltico, contemplando um trecho da Rua Bruno Garcia, no bairro Vila Alegre.<\/p>\n<p>O trecho atendido fica entre a Rua Evaristo de Almeida e Avenida Ranulpho Marques Leal e possui 110 metros de comprimento por 11 metros de largura, totalizando 1.210 metros quadrados de nova pavimenta\u00e7\u00e3o. A interven\u00e7\u00e3o tem como objetivo recuperar a malha vi\u00e1ria, melhorar as condi\u00e7\u00f5es de tr\u00e1fego e proporcionar mais seguran\u00e7a para motoristas, motociclistas, ciclistas e pedestres que utilizam diariamente a via.<\/p>\n<p>Al\u00e9m de corrigir desgastes provocados pelo tempo e pelo uso constante, o recapeamento contribui para a valoriza\u00e7\u00e3o do bairro, redu\u00e7\u00e3o de buracos e maior conforto no deslocamento da popula\u00e7\u00e3o.<\/p>\n<p>A Administra\u00e7\u00e3o Municipal refor\u00e7a que os servi\u00e7os de manuten\u00e7\u00e3o vi\u00e1ria seguem um cronograma t\u00e9cnico, priorizando pontos que necessitam de recupera\u00e7\u00e3o mais urgente e garantindo melhores condi\u00e7\u00f5es de mobilidade urbana em toda a cidade.<\/p>\n","protected":false},"excerpt":{"rendered":"<p>A Prefeitura de Tr\u00eas Lagoas, por meio da Secretaria Municipal de Infraestrutura, Transporte e Tr\u00e2nsito (SEINTRA), segue ampliando as melhorias vi\u00e1rias em diferentes regi\u00f5es da cidade. Desta vez, as equipes do Departamento de Servi\u00e7os P\u00fablicos (DSP) est\u00e3o executando mais uma obra de recapeamento asf\u00e1ltico, contemplando um trecho da Rua Bruno Garcia, no bairro Vila Alegre. [&hellip;]<\/p>\n","protected":false},"author":5,"featured_media":45961,"comment_status":"open","ping_status":"open","sticky":false,"template":"","format":"standard","meta":{"om_disable_all_campaigns":false,"_monsterinsights_skip_tracking":false,"_monsterinsights_sitenote_active":false,"_monsterinsights_sitenote_note":"","_monsterinsights_sitenote_category":0,"footnotes":""},"categories":[30,266,193,48],"tags":[],"aioseo_notices":[],"_links":{"self":[{"href":"https:\/\/expressaoms.com.br\/index.php\/wp-json\/wp\/v2\/posts\/45960"}],"collection":[{"href":"https:\/\/expressaoms.com.br\/index.php\/wp-json\/wp\/v2\/posts"}],"about":[{"href":"https:\/\/expressaoms.com.br\/index.php\/wp-json\/wp\/v2\/types\/post"}],"author":[{"embeddable":true,"href":"https:\/\/expressaoms.com.br\/index.php\/wp-json\/wp\/v2\/users\/5"}],"replies":[{"embeddable":true,"href":"https:\/\/expressaoms.com.br\/index.php\/wp-json\/wp\/v2\/comments?post=45960"}],"version-history":[{"count":1,"href":"https:\/\/expressaoms.com.br\/index.php\/wp-json\/wp\/v2\/posts\/45960\/revisions"}],"predecessor-version":[{"id":45962,"href":"https:\/\/expressaoms.com.br\/index.php\/wp-json\/wp\/v2\/posts\/45960\/revisions\/45962"}],"wp:featuredmedia":[{"embeddable":true,"href":"https:\/\/expressaoms.com.br\/index.php\/wp-json\/wp\/v2\/media\/45961"}],"wp:attachment":[{"href":"https:\/\/expressaoms.com.br\/index.php\/wp-json\/wp\/v2\/media?parent=45960"}],"wp:term":[{"taxonomy":"category","embeddable":true,"href":"https:\/\/expressaoms.com.br\/index.php\/wp-json\/wp\/v2\/categories?post=45960"},{"taxonomy":"post_tag","embeddable":true,"href":"https:\/\/expressaoms.com.br\/index.php\/wp-json\/wp\/v2\/tags?post=45960"}],"curies":[{"name":"wp","href":"https:\/\/api.w.org\/{rel}","templated":true}]}}