{"id":45966,"date":"2026-04-30T14:24:28","date_gmt":"2026-04-30T18:24:28","guid":{"rendered":"https:\/\/expressaoms.com.br\/?p=45966"},"modified":"2026-04-30T11:28:34","modified_gmt":"2026-04-30T15:28:34","slug":"sejuvel-divulga-calendario-esportivo-2026-e-reforca-protagonismo-de-tres-lagoas-no-esporte-regional","status":"publish","type":"post","link":"https:\/\/expressaoms.com.br\/index.php\/2026\/04\/30\/sejuvel-divulga-calendario-esportivo-2026-e-reforca-protagonismo-de-tres-lagoas-no-esporte-regional\/","title":{"rendered":"SEJUVEL divulga Calend\u00e1rio Esportivo 2026 e refor\u00e7a protagonismo de Tr\u00eas Lagoas no esporte regional"},"content":{"rendered":"<p>A Prefeitura de Tr\u00eas Lagoas, por meio da Secretaria Municipal de Esporte, Juventude e Lazer (SEJUVEL), apresentou oficialmente o Calend\u00e1rio Esportivo 2026, que traz uma programa\u00e7\u00e3o ampla e diversificada que atende desde o esporte de base at\u00e9 competi\u00e7\u00f5es voltadas \u00e0 melhor idade. Publicada no Di\u00e1rio Oficial do munic\u00edpio, a agenda reafirma o compromisso da administra\u00e7\u00e3o municipal com o incentivo ao esporte, inclus\u00e3o social e melhor qualidade de vida \u00e0 popula\u00e7\u00e3o.<\/p>\n<p>O planejamento esportivo j\u00e1 come\u00e7a com n\u00fameros expressivos. As escolinhas esportivas municipais somam cerca de 1.477 alunos matriculados, distribu\u00eddos em modalidades como futebol, futsal, v\u00f4lei, basquete, nata\u00e7\u00e3o, jud\u00f4, atletismo e paradesporto. O dado evidencia o investimento cont\u00ednuo na forma\u00e7\u00e3o de novos atletas e no acesso democr\u00e1tico \u00e0s pr\u00e1ticas esportivas.<\/p>\n<p>Entre os principais destaques do primeiro semestre est\u00e3o os tradicionais Jogos Escolares Tr\u00eas-lagoenses (JETs), nas categorias sub-14 e sub-17. A competi\u00e7\u00e3o re\u00fane estudantes de diversas institui\u00e7\u00f5es em disputas de basquete, handebol, v\u00f4lei, atletismo, xadrez, entre outras modalidades, promovendo integra\u00e7\u00e3o esportiva entre os jovens.<\/p>\n<p>O futebol, uma das paix\u00f5es locais, ocupa espa\u00e7o de destaque no calend\u00e1rio. Est\u00e3o previstas competi\u00e7\u00f5es que abrangem diferentes faixas et\u00e1rias e n\u00edveis t\u00e9cnicos, como o Campeonato Municipal de Futebol de Base (Sub-9 e Sub-11), al\u00e9m dos torneios Amador e Varzeano. Tamb\u00e9m ganham evid\u00eancia os campeonatos voltados aos veteranos, incluindo as categorias Master 40+, 45+ e S\u00eanior 50+, 55+ e 60+, valorizando a participa\u00e7\u00e3o cont\u00ednua no esporte ao longo da vida.<\/p>\n<p>Outro evento de grande relev\u00e2ncia \u00e9 a realiza\u00e7\u00e3o dos Jogos Escolares da Juventude de Mato Grosso do Sul \u201c3\u00aa Divis\u00e3o\u201d, com etapas previstas para maio e novembro. A competi\u00e7\u00e3o deve reunir delega\u00e7\u00f5es de diversas cidades, projetando Tr\u00eas Lagoas no cen\u00e1rio esportivo estadual e movimentando a economia local.<\/p>\n<p>O calend\u00e1rio tamb\u00e9m contempla a\u00e7\u00f5es inclusivas, como os Jogos da Melhor Idade, al\u00e9m de campeonatos adultos de modalidades coletivas, como futsal, voleibol e basquetebol. A proposta \u00e9 ampliar o acesso ao esporte, incentivando a participa\u00e7\u00e3o de toda a comunidade, independentemente da idade.<\/p>\n<p>No segundo semestre, a programa\u00e7\u00e3o segue intensa, com eventos como a Copa Municipal de Futebol Society, o Campeonato Municipal de Futebol Feminino e disputas das categorias de base. Um dos pontos altos ser\u00e1 a tradicional Copa SEJUVEL \u2013 JATs 2026, que re\u00fane diferentes modalidades e se estende at\u00e9 o m\u00eas de dezembro.<\/p>\n<p>As competi\u00e7\u00f5es ser\u00e3o realizadas em diversos espa\u00e7os esportivos do munic\u00edpio, incluindo o Poliesportivo Eduardo Milanez, o Gin\u00e1sio Cacilda Acre Rocha, a Arena Mix e campos distribu\u00eddos pelos bairros, garantindo descentraliza\u00e7\u00e3o e maior acesso da popula\u00e7\u00e3o.<\/p>\n<p>De acordo com o secret\u00e1rio de Esportes da SEJUVEL, Walter Dias \u201cHulk\u201d o calend\u00e1rio foi estruturado com foco em promover sa\u00fade, lazer e desenvolvimento social, utilizando o esporte como ferramenta de transforma\u00e7\u00e3o. A iniciativa reflete o trabalho da gest\u00e3o municipal em fortalecer pol\u00edticas p\u00fablicas voltadas ao fortalecendo o v\u00ednculo da comunidade com atividades saud\u00e1veis ao longo de todo o ano.<\/p>\n","protected":false},"excerpt":{"rendered":"<p>A Prefeitura de Tr\u00eas Lagoas, por meio da Secretaria Municipal de Esporte, Juventude e Lazer (SEJUVEL), apresentou oficialmente o Calend\u00e1rio Esportivo 2026, que traz uma programa\u00e7\u00e3o ampla e diversificada que atende desde o esporte de base at\u00e9 competi\u00e7\u00f5es voltadas \u00e0 melhor idade. Publicada no Di\u00e1rio Oficial do munic\u00edpio, a agenda reafirma o compromisso da administra\u00e7\u00e3o [&hellip;]<\/p>\n","protected":false},"author":5,"featured_media":45967,"comment_status":"open","ping_status":"open","sticky":false,"template":"","format":"standard","meta":{"om_disable_all_campaigns":false,"_monsterinsights_skip_tracking":false,"_monsterinsights_sitenote_active":false,"_monsterinsights_sitenote_note":"","_monsterinsights_sitenote_category":0,"footnotes":""},"categories":[30,266,193,48],"tags":[],"aioseo_notices":[],"_links":{"self":[{"href":"https:\/\/expressaoms.com.br\/index.php\/wp-json\/wp\/v2\/posts\/45966"}],"collection":[{"href":"https:\/\/expressaoms.com.br\/index.php\/wp-json\/wp\/v2\/posts"}],"about":[{"href":"https:\/\/expressaoms.com.br\/index.php\/wp-json\/wp\/v2\/types\/post"}],"author":[{"embeddable":true,"href":"https:\/\/expressaoms.com.br\/index.php\/wp-json\/wp\/v2\/users\/5"}],"replies":[{"embeddable":true,"href":"https:\/\/expressaoms.com.br\/index.php\/wp-json\/wp\/v2\/comments?post=45966"}],"version-history":[{"count":1,"href":"https:\/\/expressaoms.com.br\/index.php\/wp-json\/wp\/v2\/posts\/45966\/revisions"}],"predecessor-version":[{"id":45968,"href":"https:\/\/expressaoms.com.br\/index.php\/wp-json\/wp\/v2\/posts\/45966\/revisions\/45968"}],"wp:featuredmedia":[{"embeddable":true,"href":"https:\/\/expressaoms.com.br\/index.php\/wp-json\/wp\/v2\/media\/45967"}],"wp:attachment":[{"href":"https:\/\/expressaoms.com.br\/index.php\/wp-json\/wp\/v2\/media?parent=45966"}],"wp:term":[{"taxonomy":"category","embeddable":true,"href":"https:\/\/expressaoms.com.br\/index.php\/wp-json\/wp\/v2\/categories?post=45966"},{"taxonomy":"post_tag","embeddable":true,"href":"https:\/\/expressaoms.com.br\/index.php\/wp-json\/wp\/v2\/tags?post=45966"}],"curies":[{"name":"wp","href":"https:\/\/api.w.org\/{rel}","templated":true}]}}