{"id":45969,"date":"2026-04-30T15:30:16","date_gmt":"2026-04-30T19:30:16","guid":{"rendered":"https:\/\/expressaoms.com.br\/?p=45969"},"modified":"2026-04-30T11:32:29","modified_gmt":"2026-04-30T15:32:29","slug":"domingo-a-rua-e-nossa-reunira-arte-danca-e-sabores-na-lagoa-maior","status":"publish","type":"post","link":"https:\/\/expressaoms.com.br\/index.php\/2026\/04\/30\/domingo-a-rua-e-nossa-reunira-arte-danca-e-sabores-na-lagoa-maior\/","title":{"rendered":"Domingo \u201cA Rua \u00e9 Nossa\u201d re\u00fanir\u00e1 arte, dan\u00e7a e sabores na Lagoa Maior"},"content":{"rendered":"<p>No pr\u00f3ximo domingo, 03 de maio, ser\u00e1 realizada mais uma edi\u00e7\u00e3o do projeto \u201cA Rua \u00e9 Nossa\u201d. O evento acontece das 14h \u00e0s 19h, na Rua Aldair Rosa de Oliveira, na Circular da Lagoa Maior, que ser\u00e1 novamente preparada para receber o p\u00fablico com estrutura adequada, priorizando a seguran\u00e7a e o conforto dos participantes.<\/p>\n<p>O projeto que j\u00e1 \u00e9 um sucesso, \u00e9 promovido pela Secretaria Municipal de Turismo e Cultura, com apoio de outras secretarias, o evento contar\u00e1 com uma programa\u00e7\u00e3o diversificada, pensada para todas as idades. A programa\u00e7\u00e3o inclui atividades de Fit Dance Kids, sob a coordena\u00e7\u00e3o da professora Ana Paula, incentivando a participa\u00e7\u00e3o das crian\u00e7as por meio da dan\u00e7a e do movimento, exposi\u00e7\u00e3o de motos que ser\u00e1 realizada pelo Grupo Insanos \u2013 Divis\u00e3o de Tr\u00eas Lagoas.<\/p>\n<p>Outro destaque ser\u00e1 a apresenta\u00e7\u00e3o de dan\u00e7a do ventre com Layl\u00e0h Nur, arteterapeuta, dan\u00e7aterapeuta e professora de Dan\u00e7a do Ventre e Dan\u00e7a Cigana. A performance ser\u00e1 realizada por alunas de seu est\u00fadio, que levar\u00e3o ao p\u00fablico coreografias de dan\u00e7a do ventre, dan\u00e7a tribal e dan\u00e7a cigana, valorizando a express\u00e3o art\u00edstica, o acolhimento e o fortalecimento feminino.<\/p>\n<p>Al\u00e9m das atra\u00e7\u00f5es culturais, o evento contar\u00e1 com uma \u00e1rea de alimenta\u00e7\u00e3o com op\u00e7\u00f5es variadas para o p\u00fablico. Estar\u00e3o presentes os food trucks MM Burguer, Cantinho do Pastel\u00e3o, Algod\u00e3o Doce da Lidia, Bentinho Churros e Crepe da Deia, garantindo ainda mais sabor e comodidade durante a programa\u00e7\u00e3o.<\/p>\n<p>O projeto \u201cA Rua \u00e9 Nossa\u201d se consolida como uma importante op\u00e7\u00e3o de lazer, cultura e entretenimento para a popula\u00e7\u00e3o tr\u00eas-lagoense.<\/p>\n","protected":false},"excerpt":{"rendered":"<p>No pr\u00f3ximo domingo, 03 de maio, ser\u00e1 realizada mais uma edi\u00e7\u00e3o do projeto \u201cA Rua \u00e9 Nossa\u201d. O evento acontece das 14h \u00e0s 19h, na Rua Aldair Rosa de Oliveira, na Circular da Lagoa Maior, que ser\u00e1 novamente preparada para receber o p\u00fablico com estrutura adequada, priorizando a seguran\u00e7a e o conforto dos participantes. O [&hellip;]<\/p>\n","protected":false},"author":5,"featured_media":45970,"comment_status":"open","ping_status":"open","sticky":false,"template":"","format":"standard","meta":{"om_disable_all_campaigns":false,"_monsterinsights_skip_tracking":false,"_monsterinsights_sitenote_active":false,"_monsterinsights_sitenote_note":"","_monsterinsights_sitenote_category":0,"footnotes":""},"categories":[30,35,266,193,48],"tags":[],"aioseo_notices":[],"_links":{"self":[{"href":"https:\/\/expressaoms.com.br\/index.php\/wp-json\/wp\/v2\/posts\/45969"}],"collection":[{"href":"https:\/\/expressaoms.com.br\/index.php\/wp-json\/wp\/v2\/posts"}],"about":[{"href":"https:\/\/expressaoms.com.br\/index.php\/wp-json\/wp\/v2\/types\/post"}],"author":[{"embeddable":true,"href":"https:\/\/expressaoms.com.br\/index.php\/wp-json\/wp\/v2\/users\/5"}],"replies":[{"embeddable":true,"href":"https:\/\/expressaoms.com.br\/index.php\/wp-json\/wp\/v2\/comments?post=45969"}],"version-history":[{"count":1,"href":"https:\/\/expressaoms.com.br\/index.php\/wp-json\/wp\/v2\/posts\/45969\/revisions"}],"predecessor-version":[{"id":45971,"href":"https:\/\/expressaoms.com.br\/index.php\/wp-json\/wp\/v2\/posts\/45969\/revisions\/45971"}],"wp:featuredmedia":[{"embeddable":true,"href":"https:\/\/expressaoms.com.br\/index.php\/wp-json\/wp\/v2\/media\/45970"}],"wp:attachment":[{"href":"https:\/\/expressaoms.com.br\/index.php\/wp-json\/wp\/v2\/media?parent=45969"}],"wp:term":[{"taxonomy":"category","embeddable":true,"href":"https:\/\/expressaoms.com.br\/index.php\/wp-json\/wp\/v2\/categories?post=45969"},{"taxonomy":"post_tag","embeddable":true,"href":"https:\/\/expressaoms.com.br\/index.php\/wp-json\/wp\/v2\/tags?post=45969"}],"curies":[{"name":"wp","href":"https:\/\/api.w.org\/{rel}","templated":true}]}}