{"id":45972,"date":"2026-04-30T16:37:35","date_gmt":"2026-04-30T20:37:35","guid":{"rendered":"https:\/\/expressaoms.com.br\/?p=45972"},"modified":"2026-04-30T11:39:09","modified_gmt":"2026-04-30T15:39:09","slug":"prefeitura-avanca-com-pavimentacao-no-jardim-das-primaveras-apos-conclusao-da-drenagem","status":"publish","type":"post","link":"https:\/\/expressaoms.com.br\/index.php\/2026\/04\/30\/prefeitura-avanca-com-pavimentacao-no-jardim-das-primaveras-apos-conclusao-da-drenagem\/","title":{"rendered":"Prefeitura avan\u00e7a com pavimenta\u00e7\u00e3o no Jardim das Primaveras ap\u00f3s conclus\u00e3o da drenagem"},"content":{"rendered":"<p>A Prefeitura de Tr\u00eas Lagoas segue investindo em infraestrutura urbana e melhoria da qualidade de vida da popula\u00e7\u00e3o. Nesta semana, a empresa vencedora do processo licitat\u00f3rio para execu\u00e7\u00e3o das obras de drenagem do Jardim das Primaveras iniciou a etapa de pavimenta\u00e7\u00e3o vias que comp\u00f5em o quadril\u00e1tero entre a Rua N, Rua P, Rua Azaleia e Rua Quaresmeira.<\/p>\n<p>A previs\u00e3o \u00e9 de que esta fase dos trabalhos seja conclu\u00edda no in\u00edcio da pr\u00f3xima semana, dependendo das condi\u00e7\u00f5es clim\u00e1ticas e do andamento operacional da obra.<\/p>\n<p>Com investimento de cerca de R$ 4 milh\u00f5es da Administra\u00e7\u00e3o Municipal, o projeto representa uma importante transforma\u00e7\u00e3o para a regi\u00e3o, atendendo uma demanda antiga dos moradores por mais infraestrutura, mobilidade e seguran\u00e7a vi\u00e1ria.<\/p>\n<p>A pavimenta\u00e7\u00e3o est\u00e1 sendo executada logo ap\u00f3s a conclus\u00e3o da etapa de drenagem pluvial, considerada fundamental para a durabilidade do asfalto e para a preven\u00e7\u00e3o de alagamentos. O sistema implantado permite o escoamento correto das \u00e1guas da chuva, reduzindo riscos de enchentes e danos \u00e0s vias p\u00fablicas.<\/p>\n<p>Al\u00e9m de melhorar o tr\u00e1fego de ve\u00edculos e pedestres, a obra tamb\u00e9m contribui para a valoriza\u00e7\u00e3o dos im\u00f3veis, redu\u00e7\u00e3o de poeira e lama, al\u00e9m de oferecer mais conforto e dignidade aos moradores do bairro que, inclusive, j\u00e1 receberam diversas a\u00e7\u00f5es sociais da Administra\u00e7\u00e3o P\u00fablica Municipal e Estadual.<\/p>\n<div id=\"wg_165687_17775631439485\" class=\"woowgallery-wrapper wg-id-165687 type-woowgallery\">\n<div class=\"woowgallery-amron\">\n<div class=\"woow-gal-amron-masonry-collection\">\n<div class=\"woow-gal-amron-header\">\n<div><\/div>\n<\/div>\n<div class=\"woow-gal-amron-content\">\n<div class=\"woow-gal-amron-collection-column\">\n<div class=\"pgc-rev-original-prop-thumb-view woow-gal-amron-thumb\">\n<div class=\"pgc-rev-original-prop-thumb-main-wrap\">\n<div class=\"pgc-rev-original-prop-thumb-item-wrap woow-gal-amron-item-wrap\"><\/div>\n<\/div>\n<\/div>\n<\/div>\n<\/div>\n<\/div>\n<\/div>\n<\/div>\n","protected":false},"excerpt":{"rendered":"<p>A Prefeitura de Tr\u00eas Lagoas segue investindo em infraestrutura urbana e melhoria da qualidade de vida da popula\u00e7\u00e3o. Nesta semana, a empresa vencedora do processo licitat\u00f3rio para execu\u00e7\u00e3o das obras de drenagem do Jardim das Primaveras iniciou a etapa de pavimenta\u00e7\u00e3o vias que comp\u00f5em o quadril\u00e1tero entre a Rua N, Rua P, Rua Azaleia e [&hellip;]<\/p>\n","protected":false},"author":5,"featured_media":45973,"comment_status":"open","ping_status":"open","sticky":false,"template":"","format":"standard","meta":{"om_disable_all_campaigns":false,"_monsterinsights_skip_tracking":false,"_monsterinsights_sitenote_active":false,"_monsterinsights_sitenote_note":"","_monsterinsights_sitenote_category":0,"footnotes":""},"categories":[30,266,193,48],"tags":[],"aioseo_notices":[],"_links":{"self":[{"href":"https:\/\/expressaoms.com.br\/index.php\/wp-json\/wp\/v2\/posts\/45972"}],"collection":[{"href":"https:\/\/expressaoms.com.br\/index.php\/wp-json\/wp\/v2\/posts"}],"about":[{"href":"https:\/\/expressaoms.com.br\/index.php\/wp-json\/wp\/v2\/types\/post"}],"author":[{"embeddable":true,"href":"https:\/\/expressaoms.com.br\/index.php\/wp-json\/wp\/v2\/users\/5"}],"replies":[{"embeddable":true,"href":"https:\/\/expressaoms.com.br\/index.php\/wp-json\/wp\/v2\/comments?post=45972"}],"version-history":[{"count":1,"href":"https:\/\/expressaoms.com.br\/index.php\/wp-json\/wp\/v2\/posts\/45972\/revisions"}],"predecessor-version":[{"id":45974,"href":"https:\/\/expressaoms.com.br\/index.php\/wp-json\/wp\/v2\/posts\/45972\/revisions\/45974"}],"wp:featuredmedia":[{"embeddable":true,"href":"https:\/\/expressaoms.com.br\/index.php\/wp-json\/wp\/v2\/media\/45973"}],"wp:attachment":[{"href":"https:\/\/expressaoms.com.br\/index.php\/wp-json\/wp\/v2\/media?parent=45972"}],"wp:term":[{"taxonomy":"category","embeddable":true,"href":"https:\/\/expressaoms.com.br\/index.php\/wp-json\/wp\/v2\/categories?post=45972"},{"taxonomy":"post_tag","embeddable":true,"href":"https:\/\/expressaoms.com.br\/index.php\/wp-json\/wp\/v2\/tags?post=45972"}],"curies":[{"name":"wp","href":"https:\/\/api.w.org\/{rel}","templated":true}]}}