{"id":45976,"date":"2026-04-30T11:42:51","date_gmt":"2026-04-30T15:42:51","guid":{"rendered":"https:\/\/expressaoms.com.br\/?p=45976"},"modified":"2026-04-30T11:42:51","modified_gmt":"2026-04-30T15:42:51","slug":"agehab-realiza-atendimento-em-tres-lagoas-para-renegociacao-de-dividas-contratuais-de-imoveis-com-apoio-da-prefeitura","status":"publish","type":"post","link":"https:\/\/expressaoms.com.br\/index.php\/2026\/04\/30\/agehab-realiza-atendimento-em-tres-lagoas-para-renegociacao-de-dividas-contratuais-de-imoveis-com-apoio-da-prefeitura\/","title":{"rendered":"AGEHAB realiza atendimento em Tr\u00eas Lagoas para renegocia\u00e7\u00e3o de dividas contratuais de im\u00f3veis com apoio da Prefeitura"},"content":{"rendered":"<p>A Ag\u00eancia de Habita\u00e7\u00e3o Popular de Mato Grosso do Sul (AGEHAB) estar\u00e1 em Tr\u00eas Lagoas entre os dias 04 e 07 de maio de 2026 para realizar atendimentos voltados \u00e0 regulariza\u00e7\u00e3o da situa\u00e7\u00e3o contratual de im\u00f3veis habitacionais, al\u00e9m de prestar orienta\u00e7\u00f5es aos moradores.<\/p>\n<p>A a\u00e7\u00e3o conta com o apoio da Prefeitura de Tr\u00eas Lagoas, por meio do Departamento Municipal de Habita\u00e7\u00e3o, vinculado \u00e0 Secretaria Municipal de Governo e Pol\u00edticas P\u00fablicas (SEGOV).<\/p>\n<p>O objetivo \u00e9 facilitar o acesso da popula\u00e7\u00e3o aos servi\u00e7os habitacionais, aproximando o atendimento dos moradores que precisam renegociar suas dividas e esclarecer d\u00favidas.<\/p>\n<p>De acordo com a organiza\u00e7\u00e3o, muitos moradores j\u00e1 foram notificados sobre a necessidade de comparecimento, por\u00e9m a orienta\u00e7\u00e3o tamb\u00e9m se estende a interessados que desejam buscar informa\u00e7\u00f5es sobre sua situa\u00e7\u00e3o contratual.<\/p>\n<p><strong>ATENDIMENTO<\/strong><\/p>\n<p>Os atendimentos acontecer\u00e3o no Departamento de Habita\u00e7\u00e3o, localizado na: Rua Dr. Orestes Prata Tibery, n\u00ba 457 \u2013 Centro \u2013 Tr\u00eas Lagoas<\/p>\n<p><strong><em>Datas e hor\u00e1rios:<br \/>\n<\/em><\/strong>04 de maio (segunda-feira): das 13h \u00e0s 17h<br \/>\n05 a 07 de maio (ter\u00e7a a quinta-feira): das 8h \u00e0s 17h<\/p>\n<p>A Prefeitura refor\u00e7a a import\u00e2ncia de que os convocados compare\u00e7am dentro do prazo estabelecido, levando documentos pessoais e demais comprovantes que possam auxiliar no atendimento.<\/p>\n<p><strong>D\u00daVIDAS E INFORMA\u00c7\u00d5ES<\/strong><\/p>\n<p>Os moradores que desejarem mais informa\u00e7\u00f5es podem entrar em contato diretamente com a AGEHAB pelos canais:<\/p>\n<p>WhatsApp: (67) 3348-3168<br \/>\nE-mail: dgerf@agehab.ms.gov.br<\/p>\n","protected":false},"excerpt":{"rendered":"<p>A Ag\u00eancia de Habita\u00e7\u00e3o Popular de Mato Grosso do Sul (AGEHAB) estar\u00e1 em Tr\u00eas Lagoas entre os dias 04 e 07 de maio de 2026 para realizar atendimentos voltados \u00e0 regulariza\u00e7\u00e3o da situa\u00e7\u00e3o contratual de im\u00f3veis habitacionais, al\u00e9m de prestar orienta\u00e7\u00f5es aos moradores. A a\u00e7\u00e3o conta com o apoio da Prefeitura de Tr\u00eas Lagoas, por [&hellip;]<\/p>\n","protected":false},"author":5,"featured_media":45977,"comment_status":"open","ping_status":"open","sticky":false,"template":"","format":"standard","meta":{"om_disable_all_campaigns":false,"_monsterinsights_skip_tracking":false,"_monsterinsights_sitenote_active":false,"_monsterinsights_sitenote_note":"","_monsterinsights_sitenote_category":0,"footnotes":""},"categories":[30,266,193,48],"tags":[],"aioseo_notices":[],"_links":{"self":[{"href":"https:\/\/expressaoms.com.br\/index.php\/wp-json\/wp\/v2\/posts\/45976"}],"collection":[{"href":"https:\/\/expressaoms.com.br\/index.php\/wp-json\/wp\/v2\/posts"}],"about":[{"href":"https:\/\/expressaoms.com.br\/index.php\/wp-json\/wp\/v2\/types\/post"}],"author":[{"embeddable":true,"href":"https:\/\/expressaoms.com.br\/index.php\/wp-json\/wp\/v2\/users\/5"}],"replies":[{"embeddable":true,"href":"https:\/\/expressaoms.com.br\/index.php\/wp-json\/wp\/v2\/comments?post=45976"}],"version-history":[{"count":1,"href":"https:\/\/expressaoms.com.br\/index.php\/wp-json\/wp\/v2\/posts\/45976\/revisions"}],"predecessor-version":[{"id":45978,"href":"https:\/\/expressaoms.com.br\/index.php\/wp-json\/wp\/v2\/posts\/45976\/revisions\/45978"}],"wp:featuredmedia":[{"embeddable":true,"href":"https:\/\/expressaoms.com.br\/index.php\/wp-json\/wp\/v2\/media\/45977"}],"wp:attachment":[{"href":"https:\/\/expressaoms.com.br\/index.php\/wp-json\/wp\/v2\/media?parent=45976"}],"wp:term":[{"taxonomy":"category","embeddable":true,"href":"https:\/\/expressaoms.com.br\/index.php\/wp-json\/wp\/v2\/categories?post=45976"},{"taxonomy":"post_tag","embeddable":true,"href":"https:\/\/expressaoms.com.br\/index.php\/wp-json\/wp\/v2\/tags?post=45976"}],"curies":[{"name":"wp","href":"https:\/\/api.w.org\/{rel}","templated":true}]}}