{"id":45979,"date":"2026-04-30T17:06:39","date_gmt":"2026-04-30T21:06:39","guid":{"rendered":"https:\/\/expressaoms.com.br\/?p=45979"},"modified":"2026-04-30T18:09:57","modified_gmt":"2026-04-30T22:09:57","slug":"carreta-digital-do-gov-br-chega-a-tl-com-apoio-da-prefeitura-e-deve-capacitar-cerca-de-mil-alunos-em-tecnologia","status":"publish","type":"post","link":"https:\/\/expressaoms.com.br\/index.php\/2026\/04\/30\/carreta-digital-do-gov-br-chega-a-tl-com-apoio-da-prefeitura-e-deve-capacitar-cerca-de-mil-alunos-em-tecnologia\/","title":{"rendered":"Carreta Digital do Gov BR chega a TL com apoio da Prefeitura e deve capacitar cerca de mil alunos em tecnologia"},"content":{"rendered":"<p>Tr\u00eas Lagoas avan\u00e7a mais uma vez na moderniza\u00e7\u00e3o da educa\u00e7\u00e3o p\u00fablica. Com apoio da Prefeitura Municipal, por meio da Secretaria Municipal de Desenvolvimento Econ\u00f4mico, Ci\u00eancia, Tecnologia e Inova\u00e7\u00e3o (SEDECTI) e Secretaria Municipal de Educa\u00e7\u00e3o (SEMED), o munic\u00edpio receber\u00e1, entre o dia 04 de maio a 16 de julho, a Carreta Digital, projeto itinerante executado pela Rede Brasileira de Certifica\u00e7\u00e3o, Pesquisa e Inova\u00e7\u00e3o (RBCIP), com apoio do Minist\u00e9rio das Comunica\u00e7\u00f5es (MCOM), do Governo Federal.<\/p>\n<p>A previs\u00e3o \u00e9 de que cerca de 1.000 alunos da Rede Municipal de Ensino (REME) sejam beneficiados com cursos gratuitos em diversas \u00e1reas da tecnologia, fortalecendo o aprendizado pr\u00e1tico e preparando os jovens para as profiss\u00f5es do futuro.<\/p>\n<p>A iniciativa conta com organiza\u00e7\u00e3o integrada da Prefeitura, atrav\u00e9s da SEDECTI e SEMED, respons\u00e1veis pela forma\u00e7\u00e3o das turmas e log\u00edstica de participa\u00e7\u00e3o dos estudantes. As atividades ter\u00e3o in\u00edcio pela Escola Parque S\u00e3o Carlos, seguindo, depois para Maria Eul\u00e1lia e, por fim, para a Joaquim Marques, j\u00e1 que essas s\u00e3o as \u00fanicas da rede que atendem alunos do 6\u00ba ao 9\u00ba ano, p\u00fablico-alvo priorit\u00e1rio do programa.<\/p>\n<p><strong>COMO VAI FUNCIONAR<\/strong><\/p>\n<p>A Carreta Digital \u00e9 um laborat\u00f3rio m\u00f3vel equipado com computadores, televisores, mesas, cadeiras e estrutura tecnol\u00f3gica completa, instalado dentro de um caminh\u00e3o adaptado. O espa\u00e7o funciona como uma sala de aula moderna e interativa, levando inova\u00e7\u00e3o diretamente \u00e0s escolas.<\/p>\n<p>Durante o per\u00edodo, que pode variar de 15 a 20 dias, em que estiver estacionada em cada unidade escolar, os alunos ser\u00e3o encaminhados para as aulas durante o pr\u00f3prio turno regular de estudos, sem necessidade de inscri\u00e7\u00e3o individual. Ou seja, os estudantes participar\u00e3o dentro da rotina escolar, sem necessidade de deslocamentos extras ou aulas no contraturno.<\/p>\n<p>Cada escola atendida dever\u00e1 receber a carreta por no m\u00ednimo tr\u00eas semanas, garantindo amplo alcance entre os estudantes.<\/p>\n<p><strong>CURSOS OFERTADOS<\/strong><\/p>\n<p>Entre os cursos previstos est\u00e3o:<\/p>\n<ul class=\"wp-block-list\">\n<li>Rob\u00f3tica<\/li>\n<li>Montagem e configura\u00e7\u00e3o de computadores de alto desempenho (PC Gamer)<\/li>\n<\/ul>\n<p>As capacita\u00e7\u00f5es unem teoria e pr\u00e1tica, despertando o interesse dos alunos por inova\u00e7\u00e3o, criatividade, racioc\u00ednio l\u00f3gico e empreendedorismo.<\/p>\n","protected":false},"excerpt":{"rendered":"<p>Tr\u00eas Lagoas avan\u00e7a mais uma vez na moderniza\u00e7\u00e3o da educa\u00e7\u00e3o p\u00fablica. Com apoio da Prefeitura Municipal, por meio da Secretaria Municipal de Desenvolvimento Econ\u00f4mico, Ci\u00eancia, Tecnologia e Inova\u00e7\u00e3o (SEDECTI) e Secretaria Municipal de Educa\u00e7\u00e3o (SEMED), o munic\u00edpio receber\u00e1, entre o dia 04 de maio a 16 de julho, a Carreta Digital, projeto itinerante executado pela [&hellip;]<\/p>\n","protected":false},"author":5,"featured_media":45981,"comment_status":"open","ping_status":"open","sticky":false,"template":"","format":"standard","meta":{"om_disable_all_campaigns":false,"_monsterinsights_skip_tracking":false,"_monsterinsights_sitenote_active":false,"_monsterinsights_sitenote_note":"","_monsterinsights_sitenote_category":0,"footnotes":""},"categories":[30,266,193,48],"tags":[],"aioseo_notices":[],"_links":{"self":[{"href":"https:\/\/expressaoms.com.br\/index.php\/wp-json\/wp\/v2\/posts\/45979"}],"collection":[{"href":"https:\/\/expressaoms.com.br\/index.php\/wp-json\/wp\/v2\/posts"}],"about":[{"href":"https:\/\/expressaoms.com.br\/index.php\/wp-json\/wp\/v2\/types\/post"}],"author":[{"embeddable":true,"href":"https:\/\/expressaoms.com.br\/index.php\/wp-json\/wp\/v2\/users\/5"}],"replies":[{"embeddable":true,"href":"https:\/\/expressaoms.com.br\/index.php\/wp-json\/wp\/v2\/comments?post=45979"}],"version-history":[{"count":1,"href":"https:\/\/expressaoms.com.br\/index.php\/wp-json\/wp\/v2\/posts\/45979\/revisions"}],"predecessor-version":[{"id":45982,"href":"https:\/\/expressaoms.com.br\/index.php\/wp-json\/wp\/v2\/posts\/45979\/revisions\/45982"}],"wp:featuredmedia":[{"embeddable":true,"href":"https:\/\/expressaoms.com.br\/index.php\/wp-json\/wp\/v2\/media\/45981"}],"wp:attachment":[{"href":"https:\/\/expressaoms.com.br\/index.php\/wp-json\/wp\/v2\/media?parent=45979"}],"wp:term":[{"taxonomy":"category","embeddable":true,"href":"https:\/\/expressaoms.com.br\/index.php\/wp-json\/wp\/v2\/categories?post=45979"},{"taxonomy":"post_tag","embeddable":true,"href":"https:\/\/expressaoms.com.br\/index.php\/wp-json\/wp\/v2\/tags?post=45979"}],"curies":[{"name":"wp","href":"https:\/\/api.w.org\/{rel}","templated":true}]}}