{"id":45983,"date":"2026-04-30T11:48:43","date_gmt":"2026-04-30T15:48:43","guid":{"rendered":"https:\/\/expressaoms.com.br\/?p=45983"},"modified":"2026-04-30T11:48:43","modified_gmt":"2026-04-30T15:48:43","slug":"semana-de-transito-encerra-com-sucesso-e-abre-caminho-para-o-maio-amarelo","status":"publish","type":"post","link":"https:\/\/expressaoms.com.br\/index.php\/2026\/04\/30\/semana-de-transito-encerra-com-sucesso-e-abre-caminho-para-o-maio-amarelo\/","title":{"rendered":"Semana de Tr\u00e2nsito encerra com sucesso e abre caminho para o Maio Amarelo"},"content":{"rendered":"<p>A \u00faltima semana de abril foi marcada por uma programa\u00e7\u00e3o intensa voltada \u00e0 conscientiza\u00e7\u00e3o sobre o uso do cinto de seguran\u00e7a nos autom\u00f3veis. Durante o per\u00edodo, o Departamento Municipal de Tr\u00e2nsito (DEPTRAN) realizou a 20\u00aa Semana Municipal de Tr\u00e2nsito, com o tema \u201cCinto de seguran\u00e7a: um clique salva vidas\u201d, refor\u00e7ando a import\u00e2ncia desse h\u00e1bito simples que pode fazer toda a diferen\u00e7a.<\/p>\n<p>Entre os dias 27 e 30 de abril, foram realizadas diversas a\u00e7\u00f5es voltadas \u00e0 conscientiza\u00e7\u00e3o e sensibiliza\u00e7\u00e3o da popula\u00e7\u00e3o sobre o tema. De palestras em escolas a iniciativas com a participa\u00e7\u00e3o da imprensa local, a import\u00e2ncia do uso do cinto de seguran\u00e7a foi abordada de forma clara, din\u00e2mica e com profissionalismo, buscando chamar a aten\u00e7\u00e3o de toda a comunidade para esse cuidado essencial no tr\u00e2nsito.<\/p>\n<p>O diretor do DEPTRAN, Jos\u00e9 Aparecido Moraes, afirmou que as a\u00e7\u00f5es realizadas mostraram com clareza a realidade do tr\u00e2nsito tr\u00eas-lagoense. \u201cA semana de tr\u00e2nsito serviu para conscientizar e mostrar para a popula\u00e7\u00e3o e para a imprensa os problemas enfrentados no tr\u00e2nsito de Tr\u00eas Lagoas\u201d, concluiu.<\/p>\n<p>A 20\u00aa Semana Municipal de Tr\u00e2nsito cumpriu com \u00eaxito o seu prop\u00f3sito de levar, por meio das a\u00e7\u00f5es realizadas, conhecimento e informa\u00e7\u00f5es essenciais para a preserva\u00e7\u00e3o da vida no tr\u00e2nsito. No entanto, o trabalho do DEPTRAN segue firme e cont\u00ednuo. As a\u00e7\u00f5es ter\u00e3o continuidade no pr\u00f3ximo m\u00eas, em alus\u00e3o ao Maio Amarelo, movimento dedicado \u00e0 conscientiza\u00e7\u00e3o e \u00e0 redu\u00e7\u00e3o de sinistros e mortes no tr\u00e2nsito.<\/p>\n<p><strong>MAIO AMARELO<\/strong><\/p>\n<p>Os preparativos j\u00e1 come\u00e7aram para o Maio Amarelo, movimento do Departamento de Tr\u00e2nsito, com apoio da empresa Eldorado. Na tarde desta quarta-feira, 29 de abril, a empresa realizou a entrega das camisetas e materiais necess\u00e1rios para a campanha que est\u00e1 prevista para acontecer j\u00e1 nos pr\u00f3ximos dias.<\/p>\n","protected":false},"excerpt":{"rendered":"<p>A \u00faltima semana de abril foi marcada por uma programa\u00e7\u00e3o intensa voltada \u00e0 conscientiza\u00e7\u00e3o sobre o uso do cinto de seguran\u00e7a nos autom\u00f3veis. Durante o per\u00edodo, o Departamento Municipal de Tr\u00e2nsito (DEPTRAN) realizou a 20\u00aa Semana Municipal de Tr\u00e2nsito, com o tema \u201cCinto de seguran\u00e7a: um clique salva vidas\u201d, refor\u00e7ando a import\u00e2ncia desse h\u00e1bito simples [&hellip;]<\/p>\n","protected":false},"author":5,"featured_media":45984,"comment_status":"open","ping_status":"open","sticky":false,"template":"","format":"standard","meta":{"om_disable_all_campaigns":false,"_monsterinsights_skip_tracking":false,"_monsterinsights_sitenote_active":false,"_monsterinsights_sitenote_note":"","_monsterinsights_sitenote_category":0,"footnotes":""},"categories":[30,266,193,48],"tags":[],"aioseo_notices":[],"_links":{"self":[{"href":"https:\/\/expressaoms.com.br\/index.php\/wp-json\/wp\/v2\/posts\/45983"}],"collection":[{"href":"https:\/\/expressaoms.com.br\/index.php\/wp-json\/wp\/v2\/posts"}],"about":[{"href":"https:\/\/expressaoms.com.br\/index.php\/wp-json\/wp\/v2\/types\/post"}],"author":[{"embeddable":true,"href":"https:\/\/expressaoms.com.br\/index.php\/wp-json\/wp\/v2\/users\/5"}],"replies":[{"embeddable":true,"href":"https:\/\/expressaoms.com.br\/index.php\/wp-json\/wp\/v2\/comments?post=45983"}],"version-history":[{"count":1,"href":"https:\/\/expressaoms.com.br\/index.php\/wp-json\/wp\/v2\/posts\/45983\/revisions"}],"predecessor-version":[{"id":45985,"href":"https:\/\/expressaoms.com.br\/index.php\/wp-json\/wp\/v2\/posts\/45983\/revisions\/45985"}],"wp:featuredmedia":[{"embeddable":true,"href":"https:\/\/expressaoms.com.br\/index.php\/wp-json\/wp\/v2\/media\/45984"}],"wp:attachment":[{"href":"https:\/\/expressaoms.com.br\/index.php\/wp-json\/wp\/v2\/media?parent=45983"}],"wp:term":[{"taxonomy":"category","embeddable":true,"href":"https:\/\/expressaoms.com.br\/index.php\/wp-json\/wp\/v2\/categories?post=45983"},{"taxonomy":"post_tag","embeddable":true,"href":"https:\/\/expressaoms.com.br\/index.php\/wp-json\/wp\/v2\/tags?post=45983"}],"curies":[{"name":"wp","href":"https:\/\/api.w.org\/{rel}","templated":true}]}}