{"id":45986,"date":"2026-04-30T11:56:05","date_gmt":"2026-04-30T15:56:05","guid":{"rendered":"https:\/\/expressaoms.com.br\/?p=45986"},"modified":"2026-04-30T11:56:05","modified_gmt":"2026-04-30T15:56:05","slug":"prf-inicia-operacao-dia-do-trabalho-2026-com-reforco-em-rodovias-de-mato-grosso-do-sul","status":"publish","type":"post","link":"https:\/\/expressaoms.com.br\/index.php\/2026\/04\/30\/prf-inicia-operacao-dia-do-trabalho-2026-com-reforco-em-rodovias-de-mato-grosso-do-sul\/","title":{"rendered":"PRF inicia Opera\u00e7\u00e3o Dia do Trabalho 2026 com refor\u00e7o em rodovias de Mato Grosso do Sul"},"content":{"rendered":"<p class=\"ds-markdown-paragraph\">A Pol\u00edcia Rodovi\u00e1ria Federal iniciou nesta quinta-feira (30) a Opera\u00e7\u00e3o Dia do Trabalho 2026 nas rodovias federais de Mato Grosso do Sul. A a\u00e7\u00e3o segue at\u00e9 domingo (3), com refor\u00e7o na fiscaliza\u00e7\u00e3o, especialmente nas BR-158 e BR-262, que cortam a regi\u00e3o de Tr\u00eas Lagoas.<\/p>\n<p class=\"ds-markdown-paragraph\">De acordo com o chefe da delegacia da PRF no munic\u00edpio, Fabr\u00edcio Riquette, o foco da opera\u00e7\u00e3o ser\u00e1 o combate \u00e0 embriaguez ao volante, ao excesso de velocidade e \u00e0s ultrapassagens indevidas. \u201cHaver\u00e1 opera\u00e7\u00e3o com radar todos os dias e equipes extras posicionadas em pontos estrat\u00e9gicos\u201d, afirmou.<\/p>\n<p class=\"ds-markdown-paragraph\">Dois trechos considerados cr\u00edticos ter\u00e3o fiscaliza\u00e7\u00e3o intensificada: entre os quil\u00f4metros 330 e 360, em Brasil\u00e2ndia, e na divisa entre Mato Grosso do Sul e S\u00e3o Paulo, na regi\u00e3o da rotat\u00f3ria da Rondon at\u00e9 o posto fiscal.<\/p>\n<p class=\"ds-markdown-paragraph\">Al\u00e9m da fiscaliza\u00e7\u00e3o, a PRF orienta que os motoristas fa\u00e7am revis\u00e3o preventiva antes de viajar, verificando itens como freios, pneus e sistema de ilumina\u00e7\u00e3o. Tamb\u00e9m \u00e9 fundamental estar descansado, n\u00e3o ingerir \u00e1lcool e respeitar as leis de tr\u00e2nsito durante todo o trajeto.<\/p>\n<p class=\"ds-markdown-paragraph\">O balan\u00e7o final da opera\u00e7\u00e3o ser\u00e1 divulgado na pr\u00f3xima segunda-feira (4). At\u00e9 l\u00e1, a recomenda\u00e7\u00e3o \u00e9 de prud\u00eancia para garantir um feriado seguro nas estradas.<\/p>\n","protected":false},"excerpt":{"rendered":"<p>A Pol\u00edcia Rodovi\u00e1ria Federal iniciou nesta quinta-feira (30) a Opera\u00e7\u00e3o Dia do Trabalho 2026 nas rodovias federais de Mato Grosso do Sul. A a\u00e7\u00e3o segue at\u00e9 domingo (3), com refor\u00e7o na fiscaliza\u00e7\u00e3o, especialmente nas BR-158 e BR-262, que cortam a regi\u00e3o de Tr\u00eas Lagoas. De acordo com o chefe da delegacia da PRF no munic\u00edpio, [&hellip;]<\/p>\n","protected":false},"author":5,"featured_media":45987,"comment_status":"open","ping_status":"open","sticky":false,"template":"","format":"standard","meta":{"om_disable_all_campaigns":false,"_monsterinsights_skip_tracking":false,"_monsterinsights_sitenote_active":false,"_monsterinsights_sitenote_note":"","_monsterinsights_sitenote_category":0,"footnotes":""},"categories":[30,266,41,193,48],"tags":[],"aioseo_notices":[],"_links":{"self":[{"href":"https:\/\/expressaoms.com.br\/index.php\/wp-json\/wp\/v2\/posts\/45986"}],"collection":[{"href":"https:\/\/expressaoms.com.br\/index.php\/wp-json\/wp\/v2\/posts"}],"about":[{"href":"https:\/\/expressaoms.com.br\/index.php\/wp-json\/wp\/v2\/types\/post"}],"author":[{"embeddable":true,"href":"https:\/\/expressaoms.com.br\/index.php\/wp-json\/wp\/v2\/users\/5"}],"replies":[{"embeddable":true,"href":"https:\/\/expressaoms.com.br\/index.php\/wp-json\/wp\/v2\/comments?post=45986"}],"version-history":[{"count":1,"href":"https:\/\/expressaoms.com.br\/index.php\/wp-json\/wp\/v2\/posts\/45986\/revisions"}],"predecessor-version":[{"id":45988,"href":"https:\/\/expressaoms.com.br\/index.php\/wp-json\/wp\/v2\/posts\/45986\/revisions\/45988"}],"wp:featuredmedia":[{"embeddable":true,"href":"https:\/\/expressaoms.com.br\/index.php\/wp-json\/wp\/v2\/media\/45987"}],"wp:attachment":[{"href":"https:\/\/expressaoms.com.br\/index.php\/wp-json\/wp\/v2\/media?parent=45986"}],"wp:term":[{"taxonomy":"category","embeddable":true,"href":"https:\/\/expressaoms.com.br\/index.php\/wp-json\/wp\/v2\/categories?post=45986"},{"taxonomy":"post_tag","embeddable":true,"href":"https:\/\/expressaoms.com.br\/index.php\/wp-json\/wp\/v2\/tags?post=45986"}],"curies":[{"name":"wp","href":"https:\/\/api.w.org\/{rel}","templated":true}]}}