{"id":45989,"date":"2026-04-30T16:01:30","date_gmt":"2026-04-30T20:01:30","guid":{"rendered":"https:\/\/expressaoms.com.br\/?p=45989"},"modified":"2026-04-30T16:01:30","modified_gmt":"2026-04-30T20:01:30","slug":"mpms-obtem-condenacao-de-33-anos-para-homem-que-matou-ex-companheira-na-saida-de-velorio-em-tres-lagoas","status":"publish","type":"post","link":"https:\/\/expressaoms.com.br\/index.php\/2026\/04\/30\/mpms-obtem-condenacao-de-33-anos-para-homem-que-matou-ex-companheira-na-saida-de-velorio-em-tres-lagoas\/","title":{"rendered":"MPMS obt\u00e9m condena\u00e7\u00e3o de 33 anos para homem que matou ex-companheira na sa\u00edda de vel\u00f3rio em Tr\u00eas Lagoas"},"content":{"rendered":"<p class=\"ds-markdown-paragraph\">O Minist\u00e9rio P\u00fablico de Mato Grosso do Sul (MPMS), por meio da 9\u00aa Promotoria de Justi\u00e7a de Tr\u00eas Lagoas, garantiu a condena\u00e7\u00e3o de um homem a 33 anos de reclus\u00e3o durante julgamento realizado pelo Tribunal do J\u00fari nesta quarta-feira (29). O r\u00e9u foi considerado culpado pelo feminic\u00eddio da ex-companheira e pela tentativa de feminic\u00eddio contra uma amiga da v\u00edtima, em um crime cometido h\u00e1 pouco mais de dois anos.<\/p>\n<p class=\"ds-markdown-paragraph\">O caso aconteceu em mar\u00e7o de 2024, em frente a uma funer\u00e1ria de Tr\u00eas Lagoas, quando a v\u00edtima e sua amiga deixavam um vel\u00f3rio. Segundo as investiga\u00e7\u00f5es, o ex-companheiro se aproximou e realizou os disparos, surpreendendo as pessoas que estavam no local.<\/p>\n<p class=\"ds-markdown-paragraph\">A v\u00edtima foi socorrida e levada ao hospital, mas n\u00e3o resistiu aos ferimentos. Ela deixou tr\u00eas filhas \u2014 fato destacado pelo Minist\u00e9rio P\u00fablico como um dos aspectos mais impactantes do crime. A amiga que a acompanhava foi atingida na perna, recebeu atendimento m\u00e9dico e sobreviveu.<\/p>\n<p class=\"ds-markdown-paragraph\">A decis\u00e3o reconheceu a pr\u00e1tica de homic\u00eddio triplamente qualificado, nas modalidades consumada e tentada, al\u00e9m do crime de porte ilegal de arma de fogo. A den\u00fancia apresentada pelo MPMS \u00e0 1\u00aa Vara Criminal de Tr\u00eas Lagoas apontou que o crime teve motiva\u00e7\u00e3o torpe, foi cometido com recurso que dificultou a defesa da v\u00edtima e ocorreu em contexto de viol\u00eancia contra a mulher.<\/p>\n<p class=\"ds-markdown-paragraph\">Os jurados acolheram integralmente a tese do Minist\u00e9rio P\u00fablico, levando em considera\u00e7\u00e3o a gravidade do caso e seu impacto social.<\/p>\n<p class=\"ds-markdown-paragraph\">A Justi\u00e7a fixou as seguintes penas:<\/p>\n<ul>\n<li>\n<p class=\"ds-markdown-paragraph\"><strong>18 anos e 8 meses<\/strong>\u00a0de pris\u00e3o pelo feminic\u00eddio consumado;<\/p>\n<\/li>\n<li>\n<p class=\"ds-markdown-paragraph\"><strong>12 anos, 5 meses e 10 dias<\/strong>\u00a0de reclus\u00e3o pela tentativa de homic\u00eddio contra a amiga da v\u00edtima;<\/p>\n<\/li>\n<li>\n<p class=\"ds-markdown-paragraph\"><strong>2 anos de reclus\u00e3o e 10 dias-multa<\/strong>\u00a0pelo porte ilegal de arma de fogo.<\/p>\n<\/li>\n<\/ul>\n<p class=\"ds-markdown-paragraph\">Somadas, as condena\u00e7\u00f5es resultam em\u00a0<strong>33 anos de reclus\u00e3o<\/strong>.<\/p>\n<p class=\"ds-markdown-paragraph\">Para o promotor de Justi\u00e7a Luciano Anechini Lara Leite, a condena\u00e7\u00e3o representa uma resposta firme do Estado diante da viol\u00eancia de g\u00eanero e refor\u00e7a o compromisso das institui\u00e7\u00f5es no enfrentamento ao feminic\u00eddio e \u00e0 criminalidade armada.<\/p>\n<p class=\"ds-markdown-paragraph\">\u201cO J\u00fari reconheceu a gravidade extrema da conduta, que uniu covardia, armamento e desrespeito \u00e0 vida de mulheres em um momento de vulnerabilidade. A pena aplicada reflete a necessidade de respostas \u00e0 altura para crimes que chocam a sociedade\u201d, declarou o promotor.<\/p>\n<p class=\"ds-markdown-paragraph\">O r\u00e9u permanecer\u00e1 preso e poder\u00e1 recorrer da decis\u00e3o em liberdade, conforme prev\u00ea a legisla\u00e7\u00e3o<\/p>\n","protected":false},"excerpt":{"rendered":"<p>O Minist\u00e9rio P\u00fablico de Mato Grosso do Sul (MPMS), por meio da 9\u00aa Promotoria de Justi\u00e7a de Tr\u00eas Lagoas, garantiu a condena\u00e7\u00e3o de um homem a 33 anos de reclus\u00e3o durante julgamento realizado pelo Tribunal do J\u00fari nesta quarta-feira (29). O r\u00e9u foi considerado culpado pelo feminic\u00eddio da ex-companheira e pela tentativa de feminic\u00eddio contra [&hellip;]<\/p>\n","protected":false},"author":5,"featured_media":45990,"comment_status":"open","ping_status":"open","sticky":false,"template":"","format":"standard","meta":{"om_disable_all_campaigns":false,"_monsterinsights_skip_tracking":false,"_monsterinsights_sitenote_active":false,"_monsterinsights_sitenote_note":"","_monsterinsights_sitenote_category":0,"footnotes":""},"categories":[30,266,193,48],"tags":[],"aioseo_notices":[],"_links":{"self":[{"href":"https:\/\/expressaoms.com.br\/index.php\/wp-json\/wp\/v2\/posts\/45989"}],"collection":[{"href":"https:\/\/expressaoms.com.br\/index.php\/wp-json\/wp\/v2\/posts"}],"about":[{"href":"https:\/\/expressaoms.com.br\/index.php\/wp-json\/wp\/v2\/types\/post"}],"author":[{"embeddable":true,"href":"https:\/\/expressaoms.com.br\/index.php\/wp-json\/wp\/v2\/users\/5"}],"replies":[{"embeddable":true,"href":"https:\/\/expressaoms.com.br\/index.php\/wp-json\/wp\/v2\/comments?post=45989"}],"version-history":[{"count":1,"href":"https:\/\/expressaoms.com.br\/index.php\/wp-json\/wp\/v2\/posts\/45989\/revisions"}],"predecessor-version":[{"id":45991,"href":"https:\/\/expressaoms.com.br\/index.php\/wp-json\/wp\/v2\/posts\/45989\/revisions\/45991"}],"wp:featuredmedia":[{"embeddable":true,"href":"https:\/\/expressaoms.com.br\/index.php\/wp-json\/wp\/v2\/media\/45990"}],"wp:attachment":[{"href":"https:\/\/expressaoms.com.br\/index.php\/wp-json\/wp\/v2\/media?parent=45989"}],"wp:term":[{"taxonomy":"category","embeddable":true,"href":"https:\/\/expressaoms.com.br\/index.php\/wp-json\/wp\/v2\/categories?post=45989"},{"taxonomy":"post_tag","embeddable":true,"href":"https:\/\/expressaoms.com.br\/index.php\/wp-json\/wp\/v2\/tags?post=45989"}],"curies":[{"name":"wp","href":"https:\/\/api.w.org\/{rel}","templated":true}]}}