{"id":4629,"date":"2022-02-14T17:03:58","date_gmt":"2022-02-14T20:03:58","guid":{"rendered":"https:\/\/expressaoms.com.br\/?p=4629"},"modified":"2022-02-14T17:03:58","modified_gmt":"2022-02-14T20:03:58","slug":"jornada-pedagogica-2022-reune-profissionais-da-educacao-em-bataguassu","status":"publish","type":"post","link":"https:\/\/expressaoms.com.br\/index.php\/2022\/02\/14\/jornada-pedagogica-2022-reune-profissionais-da-educacao-em-bataguassu\/","title":{"rendered":"Jornada Pedag\u00f3gica 2022 re\u00fane profissionais da educa\u00e7\u00e3o em Bataguassu"},"content":{"rendered":"<p>A Prefeitura de Bataguassu, atrav\u00e9s da Secretaria Municipal de Educa\u00e7\u00e3o promoveu nesta segunda-feira, dia 14 de fevereiro, a abertura da Jornada Pedag\u00f3gica 2022. Com o tema \u201c\u00c9 preciso repensar, replanejar, reinventar \u2013 Educando para um novo tempo\u201d, o evento realizado no Clube da Melhor Idade e que inicia oficialmente o calend\u00e1rio escolar do ano contou com a presen\u00e7a de mais de 200 profissionais ligados \u00e0 rede municipal de ensino.<\/p>\n<p>Durante a abertura da solenidade, a secret\u00e1ria municipal de Educa\u00e7\u00e3o, Regina Duarte de Barros Dovale desejou boas vindas aos profissionais e destacou que a Jornada Pedag\u00f3gica marca o in\u00edcio do ano letivo e \u00e9 um momento de acolhida dos profissionais, de estudos e, sobretudo, de planejamento escolar.<\/p>\n<p>Regina disse que apesar das dificuldades em raz\u00e3o da pandemia da Covid-19, a expectativa \u00e9 que as aulas sejam retomadas no in\u00edcio do m\u00eas de mar\u00e7o. \u201cN\u00f3s estamos iniciando mais um ano letivo e essa etapa de prepara\u00e7\u00e3o, de planejamento \u00e9 de extrema import\u00e2ncia. Nosso objetivo continua sendo oferecer uma melhor qualidade no ensino al\u00e9m de garantir que o professor tenha bagagem e aperfei\u00e7oamento. Desejo um ano de muito trabalho e sucesso a todos\u201d.<\/p>\n<p>Em seu pronunciamento, o prefeito de Bataguassu, Akira Otsubo (MDB) tamb\u00e9m comentou sobre as dificuldades no \u00e2mbito escolar provocadas pela pandemia da Covid-19, que culminou com a suspens\u00e3o das aulas presenciais nos \u00faltimos anos. \u201cAgora que voltaremos, precisamos do empenho de todos voc\u00eas para que n\u00f3s possamos recuperar o tempo perdido. A administra\u00e7\u00e3o municipal \u00e9 parceira de todos e estamos a disposi\u00e7\u00e3o. Acredito que com dedica\u00e7\u00e3o seremos vitoriosos\u201d, refor\u00e7ou o prefeito.<\/p>\n<p>Akira ainda anunciou aos presentes que a atual gest\u00e3o cumprir\u00e1 com o piso nacional dos professores, tema j\u00e1 discutido em reuni\u00e3o com o Sindicato Municipal dos Trabalhadores em Educa\u00e7\u00e3o (Simted). \u201cVale destacar tamb\u00e9m que nossa administra\u00e7\u00e3o j\u00e1 concedeu 8,44% de reajuste salarial que entrar\u00e1 em vigor a partir deste m\u00eas de fevereiro e outros 4,52% de reposi\u00e7\u00e3o j\u00e1 concedidos sobre os sal\u00e1rios de janeiro referente ao ano de 2021, chegando ao total de 12,96% de reajuste\u201d, lembrou o prefeito.<\/p>\n<p>Na programa\u00e7\u00e3o, houve apresenta\u00e7\u00e3o da cantora Aline Costa e um momento de reflex\u00e3o a cargo da palestrante motivacional e coach Edi Novais e na sequ\u00eancia a palestra \u201c\u00c9 preciso Repensar, Replanejar e Reinventar. Educando para um novo tempo!\u201d, ministrada pela palestrante Edi Novais.<\/p>\n<p>No per\u00edodo da tarde, das 13h30 \u00e0s 17h30 (hor\u00e1rio de Bras\u00edlia), haver\u00e1 dois momentos de forma\u00e7\u00e3o: a primeira no Clube da Melhor Idade como parte do \u201cPrograma MS Alfabetiza\u201d ministrada pela Assessora T\u00e9cnica Pedag\u00f3gica de Forma\u00e7\u00e3o Continuada e Tecnol\u00f3gica da Secretaria Municipal de Educa\u00e7\u00e3o, Maria Aparecida da Costa Mateini.<\/p>\n<p>No mesmo hor\u00e1rio, na CEINF \u201cPrefeito \u00canio Martins\u201d, haver\u00e1 forma\u00e7\u00e3o com os professores de Educa\u00e7\u00e3o F\u00edsica, Arte e Educa\u00e7\u00e3o Infantil das turmas do ber\u00e7\u00e1rio, maternal I; maternal II com o sargento do Corpo de Bombeiros, Manolo Perez Dias, com o tema \u201cPrimeiros Socorros\u201d.<\/p>\n<p>A Jornada Pedag\u00f3gica 2022 prossegue at\u00e9 dia 18 de fevereiro.<\/p>\n<p>Estiveram presentes no evento, a secret\u00e1ria municipal de Assist\u00eancia Social, Suely Otsubo al\u00e9m de demais representantes da Secretaria Municipal de Educa\u00e7\u00e3o.<\/p>\n<p>Confira a programa\u00e7\u00e3o completa<\/p>\n<p>Dia 15 de fevereiro<br \/>\nDas 8 \u00e0s 12 horas (hor\u00e1rio de Bras\u00edlia) \u2013 Forma\u00e7\u00e3o com o Tema \u201cAvalia\u00e7\u00e3o Diagn\u00f3stica e Sondagem\u201d com a Assessora T\u00e9cnica Pedag\u00f3gica de Forma\u00e7\u00e3o Continuada e Tecnol\u00f3gica da Secretaria Municipal de Educa\u00e7\u00e3o Maria Aparecida da Costa Mateini \u2013 Gradua\u00e7\u00e3o em Pedagogia e Letras; Especializa\u00e7\u00e3o em Alfabetiza\u00e7\u00e3o e Educa\u00e7\u00e3o Infantil, no Clube da Melhor Idade;<\/p>\n<p>Das 13h30 \u00e0s 17h30 (hor\u00e1rio de Bras\u00edlia) \u2013 \u201cOficina de Pr\u00e1ticas de Avalia\u00e7\u00e3o\u201d com a Assessora T\u00e9cnica Pedag\u00f3gica de Forma\u00e7\u00e3o Continuada e Tecnol\u00f3gica da Secretaria Municipal de Educa\u00e7\u00e3o Maria Aparecida da Costa Mateini \u2013 Gradua\u00e7\u00e3o em Pedagogia e Letras; Especializa\u00e7\u00e3o em Alfabetiza\u00e7\u00e3o e Educa\u00e7\u00e3o Infantil.<\/p>\n<p>Dia 16 de fevereiro<br \/>\nPrograma\u00e7\u00e3o com encontros nas unidades escolares.<\/p>\n<p>Dia 17 de fevereiro<br \/>\nDas 8 \u00e0s 12 horas (hor\u00e1rio de Bras\u00edlia) \u2013 Palestra: \u201cGest\u00e3o de sala de Aula\u201d com Alelis Izabel de Oliveira Gomes \u2013 Com Gradua\u00e7\u00e3o em Pedagogia e com Gradua\u00e7\u00e3o de Licenciatura em Hist\u00f3ria; P\u00f3s Gradua\u00e7\u00e3o (Lato Sensu) em Metodologia do Ensino e P\u00f3s Gradua\u00e7\u00e3o em Metodologia do Ensino Superior, no Clube da Melhor Idade;<\/p>\n<p>Das 13h30 \u00e0s 17h30 (hor\u00e1rio de Bras\u00edlia) \u2013 Palestra \u201cHabilidades Socioemocionais\u201d com Cristiane Valdez Albuquerque \u2013 Forma\u00e7\u00e3o: Pedagogia e Psicologia; Neuropsicopedagoga e Neuropsic\u00f3loga; MBA em Coaching; MBA em Neuroci\u00eancia e Psicologia Positiva no Desenvolvimento Humano.<\/p>\n<p>Dia 18 de fevereiro<br \/>\nDas 8 \u00e0s 12 horas (hor\u00e1rio de Bras\u00edlia) \u2013 Forma\u00e7\u00e3o com Secret\u00e1rios Escolares, membros do CME \u2013 Conselho Municipal de Educa\u00e7\u00e3o e Gestores Escolares com o tema \u201cInspe\u00e7\u00e3o Escolar\u201d com Ilka Toledo C\u00e2ndido \u2013 Gradua\u00e7\u00e3o em Pedagogia e Expertise em Inspe\u00e7\u00e3o Escolar, no Clube da Melhor Idade;<\/p>\n<p>Das 13h30 \u00e0s 15h30 (hor\u00e1rio de Bras\u00edlia) \u2013 Forma\u00e7\u00e3o com Gestores Escolares com o tema \u201cGest\u00e3o Escolar\u201d com Alelis Izabel de Oliveira Gomes \u2013 Com Gradua\u00e7\u00e3o em Pedagogia e com Gradua\u00e7\u00e3o de Licenciatura em Hist\u00f3ria; P\u00f3s Gradua\u00e7\u00e3o (Lato Sensu) em Metodologia do Ensino e P\u00f3s Gradua\u00e7\u00e3o em Metodologia do Ensino Superior.<\/p>\n<p>Fonte: Assecom Prefeitura de Bataguassu<\/p>\n","protected":false},"excerpt":{"rendered":"<p>A Prefeitura de Bataguassu, atrav\u00e9s da Secretaria Municipal de Educa\u00e7\u00e3o promoveu nesta segunda-feira, dia 14 de fevereiro, a abertura da Jornada Pedag\u00f3gica 2022. Com o tema \u201c\u00c9 preciso repensar, replanejar, reinventar \u2013 Educando para um novo tempo\u201d, o evento realizado no Clube da Melhor Idade e que inicia oficialmente o calend\u00e1rio escolar do ano contou [&hellip;]<\/p>\n","protected":false},"author":2,"featured_media":4630,"comment_status":"open","ping_status":"open","sticky":false,"template":"","format":"standard","meta":{"om_disable_all_campaigns":false,"_monsterinsights_skip_tracking":false,"_monsterinsights_sitenote_active":false,"_monsterinsights_sitenote_note":"","_monsterinsights_sitenote_category":0,"footnotes":""},"categories":[191,193],"tags":[],"aioseo_notices":[],"_links":{"self":[{"href":"https:\/\/expressaoms.com.br\/index.php\/wp-json\/wp\/v2\/posts\/4629"}],"collection":[{"href":"https:\/\/expressaoms.com.br\/index.php\/wp-json\/wp\/v2\/posts"}],"about":[{"href":"https:\/\/expressaoms.com.br\/index.php\/wp-json\/wp\/v2\/types\/post"}],"author":[{"embeddable":true,"href":"https:\/\/expressaoms.com.br\/index.php\/wp-json\/wp\/v2\/users\/2"}],"replies":[{"embeddable":true,"href":"https:\/\/expressaoms.com.br\/index.php\/wp-json\/wp\/v2\/comments?post=4629"}],"version-history":[{"count":1,"href":"https:\/\/expressaoms.com.br\/index.php\/wp-json\/wp\/v2\/posts\/4629\/revisions"}],"predecessor-version":[{"id":4631,"href":"https:\/\/expressaoms.com.br\/index.php\/wp-json\/wp\/v2\/posts\/4629\/revisions\/4631"}],"wp:featuredmedia":[{"embeddable":true,"href":"https:\/\/expressaoms.com.br\/index.php\/wp-json\/wp\/v2\/media\/4630"}],"wp:attachment":[{"href":"https:\/\/expressaoms.com.br\/index.php\/wp-json\/wp\/v2\/media?parent=4629"}],"wp:term":[{"taxonomy":"category","embeddable":true,"href":"https:\/\/expressaoms.com.br\/index.php\/wp-json\/wp\/v2\/categories?post=4629"},{"taxonomy":"post_tag","embeddable":true,"href":"https:\/\/expressaoms.com.br\/index.php\/wp-json\/wp\/v2\/tags?post=4629"}],"curies":[{"name":"wp","href":"https:\/\/api.w.org\/{rel}","templated":true}]}}