{"id":4632,"date":"2022-02-14T17:05:51","date_gmt":"2022-02-14T20:05:51","guid":{"rendered":"https:\/\/expressaoms.com.br\/?p=4632"},"modified":"2022-02-14T17:05:51","modified_gmt":"2022-02-14T20:05:51","slug":"prefeitura-de-brasilandia-inicia-reforma-do-antigo-predio-da-escola-municipal-arthur-hoffig","status":"publish","type":"post","link":"https:\/\/expressaoms.com.br\/index.php\/2022\/02\/14\/prefeitura-de-brasilandia-inicia-reforma-do-antigo-predio-da-escola-municipal-arthur-hoffig\/","title":{"rendered":"Prefeitura de Brasil\u00e2ndia inicia reforma do antigo pr\u00e9dio da Escola Municipal Arthur Hoffig"},"content":{"rendered":"<p>A Prefeitura de Brasil\u00e2ndia por meio da Secretaria Municipal de Obras come\u00e7ou recentemente a reforma o antigo pr\u00e9dio da Escola Municipal Arthur Hoffig.<\/p>\n<p>A empresa contratada j\u00e1 est\u00e1 na unidade fazendo o processo inicial da obra, como a quebra dos pisos e contra pisos, paredes e demais \u00e1reas da antiga escola que sofrer\u00e3o reajustes.<\/p>\n<p>Parte do pr\u00e9dio da antiga escola abrigar\u00e1 futuramente a Funda\u00e7\u00e3o AH, onde atualmente a institui\u00e7\u00e3o est\u00e1 localizada na Fazenda C\u00f3rrego Azul.<\/p>\n<p>A Funda\u00e7\u00e3o AH \u00e9 uma organiza\u00e7\u00e3o sem fins lucrativos, fundada em 2015, com o objetivo de apoiar a educa\u00e7\u00e3o da regi\u00e3o de Brasil\u00e2ndia &#8211; MS e oferecer oportunidades de amplia\u00e7\u00e3o de estudos para crian\u00e7as e jovens que residem na Zona Rural do munic\u00edpio.<\/p>\n<p>As crian\u00e7as frequentam o ensino regular na cidade e, no per\u00edodo vespertino, participam das atividades desenvolvidas na institui\u00e7\u00e3o.<\/p>\n<p>Fonte: Prefeitura de Brasil\u00e2ndia<\/p>\n","protected":false},"excerpt":{"rendered":"<p>A Prefeitura de Brasil\u00e2ndia por meio da Secretaria Municipal de Obras come\u00e7ou recentemente a reforma o antigo pr\u00e9dio da Escola Municipal Arthur Hoffig. A empresa contratada j\u00e1 est\u00e1 na unidade fazendo o processo inicial da obra, como a quebra dos pisos e contra pisos, paredes e demais \u00e1reas da antiga escola que sofrer\u00e3o reajustes. Parte [&hellip;]<\/p>\n","protected":false},"author":2,"featured_media":4633,"comment_status":"open","ping_status":"open","sticky":false,"template":"","format":"standard","meta":{"om_disable_all_campaigns":false,"_monsterinsights_skip_tracking":false,"_monsterinsights_sitenote_active":false,"_monsterinsights_sitenote_note":"","_monsterinsights_sitenote_category":0,"footnotes":""},"categories":[26,193],"tags":[],"aioseo_notices":[],"_links":{"self":[{"href":"https:\/\/expressaoms.com.br\/index.php\/wp-json\/wp\/v2\/posts\/4632"}],"collection":[{"href":"https:\/\/expressaoms.com.br\/index.php\/wp-json\/wp\/v2\/posts"}],"about":[{"href":"https:\/\/expressaoms.com.br\/index.php\/wp-json\/wp\/v2\/types\/post"}],"author":[{"embeddable":true,"href":"https:\/\/expressaoms.com.br\/index.php\/wp-json\/wp\/v2\/users\/2"}],"replies":[{"embeddable":true,"href":"https:\/\/expressaoms.com.br\/index.php\/wp-json\/wp\/v2\/comments?post=4632"}],"version-history":[{"count":1,"href":"https:\/\/expressaoms.com.br\/index.php\/wp-json\/wp\/v2\/posts\/4632\/revisions"}],"predecessor-version":[{"id":4634,"href":"https:\/\/expressaoms.com.br\/index.php\/wp-json\/wp\/v2\/posts\/4632\/revisions\/4634"}],"wp:featuredmedia":[{"embeddable":true,"href":"https:\/\/expressaoms.com.br\/index.php\/wp-json\/wp\/v2\/media\/4633"}],"wp:attachment":[{"href":"https:\/\/expressaoms.com.br\/index.php\/wp-json\/wp\/v2\/media?parent=4632"}],"wp:term":[{"taxonomy":"category","embeddable":true,"href":"https:\/\/expressaoms.com.br\/index.php\/wp-json\/wp\/v2\/categories?post=4632"},{"taxonomy":"post_tag","embeddable":true,"href":"https:\/\/expressaoms.com.br\/index.php\/wp-json\/wp\/v2\/tags?post=4632"}],"curies":[{"name":"wp","href":"https:\/\/api.w.org\/{rel}","templated":true}]}}