{"id":4643,"date":"2022-02-14T17:16:46","date_gmt":"2022-02-14T20:16:46","guid":{"rendered":"https:\/\/expressaoms.com.br\/?p=4643"},"modified":"2022-02-14T17:16:46","modified_gmt":"2022-02-14T20:16:46","slug":"brasil-bate-recorde-da-decada-na-geracao-de-empregos-em-2021","status":"publish","type":"post","link":"https:\/\/expressaoms.com.br\/index.php\/2022\/02\/14\/brasil-bate-recorde-da-decada-na-geracao-de-empregos-em-2021\/","title":{"rendered":"Brasil bate recorde da d\u00e9cada na gera\u00e7\u00e3o de empregos em 2021"},"content":{"rendered":"<p>OBrasil fechou o ano de 2021 com a gera\u00e7\u00e3o de mais de 2,7 milh\u00f5es de novos postos de trabalho com carteira assinada. O total representa um recorde da d\u00e9cada. Diante dos resultados, a perspectiva \u00e9 de que o n\u00famero de empregos avance ainda mais, atrav\u00e9s dos projetos e programas, como o Programa de Servi\u00e7o Civil Volunt\u00e1rio e a capacita\u00e7\u00e3o de jovens e adultos, idealizados pelo Governo Federal.<\/p>\n<p>O ministro do Trabalho e Previd\u00eancia, Onyx Lorenzoni, falou em entrevista sobre os assuntos e destacou os esfor\u00e7os do governo para dar oportunidade para os mais de 40 milh\u00f5es de brasileiros que est\u00e3o na informalidade.<\/p>\n<p>-Recentemente foi criado o Programa de Servi\u00e7o Civil Volunt\u00e1rio. Qual a proposta do programa e como ele vai funcionar?<\/p>\n<p>O Brasil criou 2.730.924 empregos no ano de 2021. \u00c9 o recorde da d\u00e9cada. Nunca antes nesse pa\u00eds houve um n\u00famero t\u00e3o grande de empregos criados, em um \u00fanico ano, de carteira assinada. Mas n\u00f3s temos um outro mundo que \u00e9 t\u00e3o importante quanto o mundo formal, que \u00e9 o mundo da informalidade. S\u00e3o quase 40 milh\u00f5es de brasileiros que est\u00e3o l\u00e1. E n\u00f3s temos em torno de 7,8 milh\u00f5es de \u201cnem e nem\u201d, que s\u00e3o aqueles que nem estudam, nem trabalham e que precisam de uma oportunidade.<\/p>\n<p>Muitas vezes, para que uma pessoa possa ter sucesso, possa prosperar na vida, ela precisa que se abra uma porta. \u00c9 disso que se trata o Programa de Servi\u00e7o Civil Volunt\u00e1rio. \u00c9 uma parceria do Governo Federal com as prefeituras e com o sistema S, com o Sebrae. As pessoas s\u00e3o selecionadas, se oferecem voluntariamente para esse trabalho de meio turno na prefeitura, cumprindo alguma tarefa dentro daquilo que \u00e9 de interesse da pr\u00f3pria prefeitura. No turno inverso, a pessoa ter\u00e1 a obrigatoriedade de fazer um curso de capacita\u00e7\u00e3o, um por semestre, de tal forma que, uma pessoa que fique um ano no programa, que \u00e9 o tempo m\u00ednimo de perman\u00eancia, ter\u00e1 no m\u00ednimo duas capacita\u00e7\u00f5es.<\/p>\n<p>Ent\u00e3o, primeiro se abre a porta para que ela tenha experi\u00eancia, segundo se trabalha com a capacita\u00e7\u00e3o. Os cursos s\u00e3o completamente gratuitos. S\u00e3o quase 200 cursos que o sistema S oferece.<\/p>\n<p>-Qual \u00e9 a preocupa\u00e7\u00e3o do Governo com os adultos nessa faixa et\u00e1ria dos 50 anos?<\/p>\n<p>[O programa] tamb\u00e9m est\u00e1 direcionado para as pessoas que t\u00eam mais de 50 anos e est\u00e3o h\u00e1 dois anos sem carteira assinada porque, curiosamente, quem tem mais de 50 anos no Brasil tem a cultura de achar que \u00e9 velho. N\u00f3s temos uma expectativa m\u00e9dia superior a 70 anos de vida e poder fazer a capacita\u00e7\u00e3o dessas pessoas para a reinser\u00e7\u00e3o no mercado de trabalho \u00e9 uma nova porta que se abre e nova oportunidade para esses trabalhadores.<\/p>\n<p>-E a faixa et\u00e1ria dos 18 aos 29 anos?<\/p>\n<p>Na quest\u00e3o dos mais jovens qual \u00e9 a ideia? \u00c9 poder construir uma rampa de ascens\u00e3o social. Vamos tentar entender: o Jo\u00e3o, tem 22 anos, aparece em uma empresa. Tem experi\u00eancia, Jo\u00e3o? N\u00e3o, nunca trabalhei. Tem forma\u00e7\u00e3o ou algum curso de qualifica\u00e7\u00e3o? N\u00e3o, eu parei na primeira s\u00e9rie do segundo grau. \u00c9 muito dif\u00edcil que essa pessoa consiga uma oportunidade. Ent\u00e3o, n\u00f3s precisamos dar condi\u00e7\u00e3o, onde durante um ano, em uma atividade dentro de uma prefeitura, ela possa demonstrar que cumpre com as suas fun\u00e7\u00f5es. E a\u00ed o que acontece? Ela tem o certificado disso atrav\u00e9s do atestado dado pela prefeitura ao final desse ano. Ent\u00e3o, quando voltar na empresa, ela vai poder dizer: est\u00e1 aqui o atestado de que eu fui eficiente, que cumpri com as minhas obriga\u00e7\u00f5es, de que eu nunca faltei ao servi\u00e7o e eu tenho a qualifica\u00e7\u00e3o A, B, C ou D. Ou seja, a chance de que ele consiga um trabalho de carteira assinada \u00e9 muito maior. E a\u00ed \u00e9 essa rampa para que ele possa caminhar para um outro n\u00edvel, tanto de empregabilidade, quanto de renda.<\/p>\n<p>-O Brasil fechou o ano de 2021 com saldo positivo de mais de 2,7 milh\u00f5es de empregos. A que se deve esse resultado?<\/p>\n<p>Tem muito trabalho. [Em] 2019 come\u00e7amos diminuindo os n\u00edveis hier\u00e1rquicos, fazendo a digitaliza\u00e7\u00e3o do Governo, a Lei da Liberdade Econ\u00f4mica e a Reforma da Previd\u00eancia. Arrecadamos R$ 450 bilh\u00f5es de investimentos privados, brasileiros e internacionais, na nossa infraestrutura e a gente organizou o Estado Brasileiro. Com isso, veio a pandemia e n\u00f3s tivemos condi\u00e7\u00f5es de fazer tr\u00eas programas importantes: o Aux\u00edlio Emergencial, porque botou comida na mesa das pessoas, 68,3 milh\u00f5es de pessoas; depois fizemos o BEm [Benef\u00edcio Emergencial de Preserva\u00e7\u00e3o do Emprego e da Renda] que manteve 11 milh\u00f5es de empregos de carteira assinada no Brasil; e o Pronampe [Programa Nacional de Apoio \u00e0s Microempresas e Empresas de Pequeno Porte] que foi quase R$ 38 bilh\u00f5es de reais que, pela primeira vez, chegou a milh\u00f5es de microempres\u00e1rios. Ent\u00e3o, tudo isso, para permitir que l\u00e1 na parte dif\u00edcil da pandemia as pessoas conseguissem sobreviver. Al\u00e9m disso, n\u00f3s simplificamos, desburocratizamos, e isso permitiu que, quando a retomada viesse, o Brasil respondesse forte.<\/p>\n<p>A economia brasileira \u00e9 s\u00f3lida, os nossos fundamentos s\u00e3o fortes, n\u00f3s temos grandes oportunidades e o Brasil pode responder. A gente ficou muito feliz com esses 2,7 milh\u00f5es de empregos porque isso \u00e9 resultado de um Governo que preparou uma s\u00e9rie de programas com um \u00fanico objetivo: servir o povo brasileiro.<\/p>\n<p>-Quais foram os setores da economia que mais contribu\u00edram para esse resultado?<\/p>\n<p>O campe\u00e3o absoluto foi servi\u00e7os. \u00c9 importante lembrar o quanto o turismo \u00e9 gerador de oportunidades. O Brasil tem um potencial tur\u00edstico gigantesco, talvez seja um dos pa\u00edses do mundo que tem maior potencial tur\u00edstico e a gente ainda recebe pouca gente de fora. A gente precisa vender o Brasil melhor l\u00e1 fora. Toda pessoa que vem nos visitar gera no m\u00ednimo dois, tr\u00eas empregos no trade tur\u00edstico.<\/p>\n<p>Depois quem veio junto foi o com\u00e9rcio, muito forte, o varejo. S\u00e3o os dois maiores geradores. S\u00f3 para se ter uma ideia, eu me lembro aqui de cabe\u00e7a, em servi\u00e7os foi um milh\u00e3o e 50 mil empregos novos, s\u00f3 servi\u00e7os. Ent\u00e3o, realmente \u00e9 muito forte. Com\u00e9rcio vem com mais 500 ou 600 mil e depois vem os outros setores. Ent\u00e3o, s\u00e3o setores que s\u00e3o muito intensivos em m\u00e3o de obra e a\u00ed tem uma quest\u00e3o, que casa com aquele Programa de Servi\u00e7o Civil Volunt\u00e1rio, de prover qualifica\u00e7\u00e3o, porque cada vez mais a gente precisa de m\u00e3o de obra qualificada. O Brasil tem um baita potencial, mas a gente tem que ir construindo as oportunidades para as pessoas.<\/p>\n<p>Programa de Servi\u00e7o Civil Volunt\u00e1rio<br \/>\nO programa \u00e9 uma iniciativa firmada entre o Minist\u00e9rio do Trabalho e Previd\u00eancia e o Sistema S, e vai oferecer bolsa de meio sal\u00e1rio-m\u00ednimo e aux\u00edlio transporte aos participantes, al\u00e9m de mais de 200 cursos de qualifica\u00e7\u00e3o. A a\u00e7\u00e3o, realizada em conjunto com os munic\u00edpios, visa amenizar os impactos sociais no mercado de trabalho causados pela pandemia da Covid-19.<\/p>\n<p>Os munic\u00edpios que optarem por participar do programa devem se encarregar da organiza\u00e7\u00e3o das atividades de interesse p\u00fablico e do pagamento da bolsa qualifica\u00e7\u00e3o. A participa\u00e7\u00e3o dos munic\u00edpios \u00e9 volunt\u00e1ria, a depender de sua capacidade de execu\u00e7\u00e3o.<\/p>\n<p>O programa ter\u00e1 dura\u00e7\u00e3o at\u00e9 31 de dezembro de 2022.<\/p>\n<p>Fonte: GOV.BR<\/p>\n<p>&nbsp;<\/p>\n","protected":false},"excerpt":{"rendered":"<p>OBrasil fechou o ano de 2021 com a gera\u00e7\u00e3o de mais de 2,7 milh\u00f5es de novos postos de trabalho com carteira assinada. O total representa um recorde da d\u00e9cada. Diante dos resultados, a perspectiva \u00e9 de que o n\u00famero de empregos avance ainda mais, atrav\u00e9s dos projetos e programas, como o Programa de Servi\u00e7o Civil [&hellip;]<\/p>\n","protected":false},"author":2,"featured_media":4644,"comment_status":"open","ping_status":"open","sticky":false,"template":"","format":"standard","meta":{"om_disable_all_campaigns":false,"_monsterinsights_skip_tracking":false,"_monsterinsights_sitenote_active":false,"_monsterinsights_sitenote_note":"","_monsterinsights_sitenote_category":0,"footnotes":""},"categories":[31],"tags":[],"aioseo_notices":[],"_links":{"self":[{"href":"https:\/\/expressaoms.com.br\/index.php\/wp-json\/wp\/v2\/posts\/4643"}],"collection":[{"href":"https:\/\/expressaoms.com.br\/index.php\/wp-json\/wp\/v2\/posts"}],"about":[{"href":"https:\/\/expressaoms.com.br\/index.php\/wp-json\/wp\/v2\/types\/post"}],"author":[{"embeddable":true,"href":"https:\/\/expressaoms.com.br\/index.php\/wp-json\/wp\/v2\/users\/2"}],"replies":[{"embeddable":true,"href":"https:\/\/expressaoms.com.br\/index.php\/wp-json\/wp\/v2\/comments?post=4643"}],"version-history":[{"count":1,"href":"https:\/\/expressaoms.com.br\/index.php\/wp-json\/wp\/v2\/posts\/4643\/revisions"}],"predecessor-version":[{"id":4645,"href":"https:\/\/expressaoms.com.br\/index.php\/wp-json\/wp\/v2\/posts\/4643\/revisions\/4645"}],"wp:featuredmedia":[{"embeddable":true,"href":"https:\/\/expressaoms.com.br\/index.php\/wp-json\/wp\/v2\/media\/4644"}],"wp:attachment":[{"href":"https:\/\/expressaoms.com.br\/index.php\/wp-json\/wp\/v2\/media?parent=4643"}],"wp:term":[{"taxonomy":"category","embeddable":true,"href":"https:\/\/expressaoms.com.br\/index.php\/wp-json\/wp\/v2\/categories?post=4643"},{"taxonomy":"post_tag","embeddable":true,"href":"https:\/\/expressaoms.com.br\/index.php\/wp-json\/wp\/v2\/tags?post=4643"}],"curies":[{"name":"wp","href":"https:\/\/api.w.org\/{rel}","templated":true}]}}