{"id":4646,"date":"2022-02-14T18:15:47","date_gmt":"2022-02-14T21:15:47","guid":{"rendered":"https:\/\/expressaoms.com.br\/?p=4646"},"modified":"2022-02-14T18:15:47","modified_gmt":"2022-02-14T21:15:47","slug":"apicultores-do-programa-colmeias-fecham-2021-com-32-de-aumento-da-producao-de-mel-em-ms","status":"publish","type":"post","link":"https:\/\/expressaoms.com.br\/index.php\/2022\/02\/14\/apicultores-do-programa-colmeias-fecham-2021-com-32-de-aumento-da-producao-de-mel-em-ms\/","title":{"rendered":"Apicultores do Programa Colmeias fecham 2021 com 32% de aumento da produ\u00e7\u00e3o de mel em MS"},"content":{"rendered":"<p class=\"v1MsoNormal\">Apicultores de Tr\u00eas Lagoas e regi\u00e3o, apoiados pelo Programa Colmeias da Suzano, encerraram o ano de 2021 com uma produ\u00e7\u00e3o de 218,9 toneladas de mel, 32% a mais em compara\u00e7\u00e3o a 2020. Com isso, o programa registrou uma receita bruta estimada em R$ 4,263 milh\u00f5es, contra R$ 2,970 milh\u00f5es em 2020, o que equivale a um incremento de 43,5%.<\/p>\n<p class=\"v1MsoNormal\">O resultado se deve a dois fatores: aumento do n\u00famero de apicultores apoiados pelo projeto e boa produtividade registrada na regi\u00e3o. Entre os produtores do Colmeias, a produtividade chegou a 36 quilos de mel por colmeia, 100% a mais que a m\u00e9dia nacional, que foi de 18 kg\/colmeia, conforme dados da Federa\u00e7\u00e3o da Agricultura e Pecu\u00e1ria de MS (Famasul).<\/p>\n<p class=\"v1MsoNormal\">&#8220;\u00c9 gratificante observar a evolu\u00e7\u00e3o dos apicultores do Colmeias em Mato Grosso do Sul. A cada ano, eles v\u00eam melhorando a produtividade e, com isso, ampliando o mercado e refor\u00e7ando a renda familiar. Para n\u00f3s da Suzano, apoiar a apicultura vai al\u00e9m da gera\u00e7\u00e3o de trabalho no campo, \u00e9 apoiar o Meio Ambiente. As abelhas s\u00e3o de imensa import\u00e2ncia tanto para a conserva\u00e7\u00e3o da biodiversidade quanto para a produ\u00e7\u00e3o de alimentos. Ao viabilizar que colmeias sejam instaladas nas nossas unidades florestais, estamos colaborando para o repovoamento dessas abelhas nessas regi\u00f5es e, consequentemente, para o equil\u00edbrio ambiental e a seguran\u00e7a alimentar de todos&#8221;, ressalta Israel Batista Gabriel, coordenador de Desenvolvimento Social da Suzano em Mato Grosso do Sul.<\/p>\n<p class=\"v1MsoNormal\">O programa atende a 192 apicultores de seis associa\u00e7\u00f5es e uma cooperativa, um crescimento de 13% no n\u00famero de participantes em compara\u00e7\u00e3o a 2020, o que fez com que a regi\u00e3o Leste se consolidasse como importante produtora de mel em Mato Grosso do Sul. Hoje, 22,4% do mel produzido no Estado \u00e9 do Bols\u00e3o, com base nos dados do Instituto Brasileiro de Geografia e Estat\u00edsticas (IBGE).<\/p>\n<p class=\"v1MsoNormal\">Fabio Vicente de Lima \u00e9 apicultor h\u00e1 14 anos e faz parte do Colmeias desde que o programa foi implantado em Tr\u00eas Lagoas. Com 120 colmeias, ele chegou a produzir cerca de 2.700 quilos de mel em 2021. A meta para este ano \u00e9 produzir o dobro. Segundo Lima, a parceria do Colmeias \u00e9 essencial para o desenvolvimento da regi\u00e3o. &#8220;Se n\u00e3o fosse o Colmeias n\u00e3o ter\u00edamos um lugar para colocar nossas abelhas, nem eu, nem meus companheiros. \u00c9 um jeito bom para aproveitarmos a floresta em harmonia com a equipe da Suzano&#8221;, ressalta.<\/p>\n<p class=\"v1MsoNormal\"><b>Programa Colmeias<\/b><b><\/b><\/p>\n<p class=\"v1MsoNormal\">O Colmeias visa promover o desenvolvimento social e a gera\u00e7\u00e3o de renda nas comunidades vizinhas \u00e0 Suzano. Por meio dele, apicultores recebem orienta\u00e7\u00f5es t\u00e9cnicas para o melhoramento do manejo das abelhas, gest\u00e3o e o beneficiamento do mel. A consultoria t\u00e9cnica \u00e9 fornecida por empresa especializada, contratada pela Suzano.<\/p>\n<p class=\"v1MsoNormal\">Al\u00e9m disso, a empresa sede seus plantios de eucalipto como pasto ap\u00edcola,\u00a0o que beneficia na produ\u00e7\u00e3o das abelhas e na qualidade do mel.\u00a0Hoje, s\u00e3o cerca de 150,8 mil hectares destinados \u00e0 pastos ap\u00edcolas em Mato Grosso do Sul.<\/p>\n","protected":false},"excerpt":{"rendered":"<p>Apicultores de Tr\u00eas Lagoas e regi\u00e3o, apoiados pelo Programa Colmeias da Suzano, encerraram o ano de 2021 com uma produ\u00e7\u00e3o de 218,9 toneladas de mel, 32% a mais em compara\u00e7\u00e3o a 2020. Com isso, o programa registrou uma receita bruta estimada em R$ 4,263 milh\u00f5es, contra R$ 2,970 milh\u00f5es em 2020, o que equivale a [&hellip;]<\/p>\n","protected":false},"author":3,"featured_media":4647,"comment_status":"open","ping_status":"open","sticky":false,"template":"","format":"standard","meta":{"om_disable_all_campaigns":false,"_monsterinsights_skip_tracking":false,"_monsterinsights_sitenote_active":false,"_monsterinsights_sitenote_note":"","_monsterinsights_sitenote_category":0,"footnotes":""},"categories":[30,31],"tags":[],"aioseo_notices":[],"_links":{"self":[{"href":"https:\/\/expressaoms.com.br\/index.php\/wp-json\/wp\/v2\/posts\/4646"}],"collection":[{"href":"https:\/\/expressaoms.com.br\/index.php\/wp-json\/wp\/v2\/posts"}],"about":[{"href":"https:\/\/expressaoms.com.br\/index.php\/wp-json\/wp\/v2\/types\/post"}],"author":[{"embeddable":true,"href":"https:\/\/expressaoms.com.br\/index.php\/wp-json\/wp\/v2\/users\/3"}],"replies":[{"embeddable":true,"href":"https:\/\/expressaoms.com.br\/index.php\/wp-json\/wp\/v2\/comments?post=4646"}],"version-history":[{"count":1,"href":"https:\/\/expressaoms.com.br\/index.php\/wp-json\/wp\/v2\/posts\/4646\/revisions"}],"predecessor-version":[{"id":4648,"href":"https:\/\/expressaoms.com.br\/index.php\/wp-json\/wp\/v2\/posts\/4646\/revisions\/4648"}],"wp:featuredmedia":[{"embeddable":true,"href":"https:\/\/expressaoms.com.br\/index.php\/wp-json\/wp\/v2\/media\/4647"}],"wp:attachment":[{"href":"https:\/\/expressaoms.com.br\/index.php\/wp-json\/wp\/v2\/media?parent=4646"}],"wp:term":[{"taxonomy":"category","embeddable":true,"href":"https:\/\/expressaoms.com.br\/index.php\/wp-json\/wp\/v2\/categories?post=4646"},{"taxonomy":"post_tag","embeddable":true,"href":"https:\/\/expressaoms.com.br\/index.php\/wp-json\/wp\/v2\/tags?post=4646"}],"curies":[{"name":"wp","href":"https:\/\/api.w.org\/{rel}","templated":true}]}}