{"id":4788,"date":"2022-02-18T07:07:45","date_gmt":"2022-02-18T10:07:45","guid":{"rendered":"https:\/\/expressaoms.com.br\/?p=4788"},"modified":"2022-02-18T09:10:00","modified_gmt":"2022-02-18T12:10:00","slug":"clima-tipico-de-verao-predomina-ao-longo-do-final-de-semana-em-ms-confira-previsao","status":"publish","type":"post","link":"https:\/\/expressaoms.com.br\/index.php\/2022\/02\/18\/clima-tipico-de-verao-predomina-ao-longo-do-final-de-semana-em-ms-confira-previsao\/","title":{"rendered":"Clima t\u00edpico de ver\u00e3o predomina ao longo do final de semana em MS; confira previs\u00e3o"},"content":{"rendered":"<p>O tempo seguir\u00e1 inst\u00e1vel ao longo do final de semana em Mato Grosso do Sul, com per\u00edodos de sol, intercalado com pancadas isoladas e r\u00e1pidas de chuva.<\/p>\n<p>A previs\u00e3o do Centro de Monitoramento do Tempo e do Clima, para esta sexta-feira (18) e manh\u00e3 de s\u00e1bado (19) \u00e9 de chuvas de intensidade moderada a forte e tempestades podem vir acompanhadas de raios, rajadas de vento e eventual queda de granizo nas regi\u00f5es centro-norte, leste e pantaneira.<\/p>\n<p>O deslocamento de cavados associado \u00e0 disponibilidade de umidade e ao aquecimento diurno, e a forma\u00e7\u00e3o de um sistema de baixa press\u00e3o no Paraguai favorecem a forma\u00e7\u00e3o de instabilidades no Estado.<\/p>\n<p>Na regi\u00e3o sudoeste do Estado, o sol predomina e o destaque ser\u00e1 para o tempo seco. Os n\u00edveis de umidade relativa do ar estar\u00e3o relativamente baixos, com \u00edndices em torno de 20-40%, especialmente durante a tarde quando as temperaturas registram os maiores valores. A recomenda\u00e7\u00e3o \u00e9 redobrar a hidrata\u00e7\u00e3o com aumento da ingest\u00e3o de \u00e1gua.<\/p>\n<p>Entre s\u00e1bado \u00e0 tarde e domingo (20), a tend\u00eancia \u00e9 de tempo firme com varia\u00e7\u00e3o de nebulosidade na maior parte do Estado. Mas o Cemtec indica que ainda h\u00e1 chance de pancadas de chuvas com tempestades isoladas devido ao aquecimento diurno, que \u00e9 uma condi\u00e7\u00e3o t\u00edpica de ver\u00e3o. Na por\u00e7\u00e3o extremo norte, a chuva ser\u00e1 provocada pela atua\u00e7\u00e3o da ZCAS (Zona de Converg\u00eancia do Atl\u00e2ntico Sul).<\/p>\n<p>Confira no mapa elaborado pelo Cemtec, as condi\u00e7\u00f5es de tempo e temperatura estimados para Campo Grande e algumas regi\u00f5es do Estado nesta sexta-feira.<\/p>\n<p><img fetchpriority=\"high\" decoding=\"async\" class=\"alignleft size-full wp-image-4789\" src=\"https:\/\/expressaoms.com.br\/wp-content\/uploads\/2022\/02\/mapa-tempo-18-fevereiro.png\" alt=\"\" width=\"729\" height=\"545\" srcset=\"https:\/\/expressaoms.com.br\/wp-content\/uploads\/2022\/02\/mapa-tempo-18-fevereiro.png 729w, https:\/\/expressaoms.com.br\/wp-content\/uploads\/2022\/02\/mapa-tempo-18-fevereiro-600x449.png 600w, https:\/\/expressaoms.com.br\/wp-content\/uploads\/2022\/02\/mapa-tempo-18-fevereiro-300x224.png 300w\" sizes=\"(max-width: 729px) 100vw, 729px\" \/><\/p>\n","protected":false},"excerpt":{"rendered":"<p>O tempo seguir\u00e1 inst\u00e1vel ao longo do final de semana em Mato Grosso do Sul, com per\u00edodos de sol, intercalado com pancadas isoladas e r\u00e1pidas de chuva. A previs\u00e3o do Centro de Monitoramento do Tempo e do Clima, para esta sexta-feira (18) e manh\u00e3 de s\u00e1bado (19) \u00e9 de chuvas de intensidade moderada a forte [&hellip;]<\/p>\n","protected":false},"author":2,"featured_media":4790,"comment_status":"open","ping_status":"open","sticky":false,"template":"","format":"standard","meta":{"om_disable_all_campaigns":false,"_monsterinsights_skip_tracking":false,"_monsterinsights_sitenote_active":false,"_monsterinsights_sitenote_note":"","_monsterinsights_sitenote_category":0,"footnotes":""},"categories":[30,47],"tags":[],"aioseo_notices":[],"_links":{"self":[{"href":"https:\/\/expressaoms.com.br\/index.php\/wp-json\/wp\/v2\/posts\/4788"}],"collection":[{"href":"https:\/\/expressaoms.com.br\/index.php\/wp-json\/wp\/v2\/posts"}],"about":[{"href":"https:\/\/expressaoms.com.br\/index.php\/wp-json\/wp\/v2\/types\/post"}],"author":[{"embeddable":true,"href":"https:\/\/expressaoms.com.br\/index.php\/wp-json\/wp\/v2\/users\/2"}],"replies":[{"embeddable":true,"href":"https:\/\/expressaoms.com.br\/index.php\/wp-json\/wp\/v2\/comments?post=4788"}],"version-history":[{"count":1,"href":"https:\/\/expressaoms.com.br\/index.php\/wp-json\/wp\/v2\/posts\/4788\/revisions"}],"predecessor-version":[{"id":4791,"href":"https:\/\/expressaoms.com.br\/index.php\/wp-json\/wp\/v2\/posts\/4788\/revisions\/4791"}],"wp:featuredmedia":[{"embeddable":true,"href":"https:\/\/expressaoms.com.br\/index.php\/wp-json\/wp\/v2\/media\/4790"}],"wp:attachment":[{"href":"https:\/\/expressaoms.com.br\/index.php\/wp-json\/wp\/v2\/media?parent=4788"}],"wp:term":[{"taxonomy":"category","embeddable":true,"href":"https:\/\/expressaoms.com.br\/index.php\/wp-json\/wp\/v2\/categories?post=4788"},{"taxonomy":"post_tag","embeddable":true,"href":"https:\/\/expressaoms.com.br\/index.php\/wp-json\/wp\/v2\/tags?post=4788"}],"curies":[{"name":"wp","href":"https:\/\/api.w.org\/{rel}","templated":true}]}}