{"id":4792,"date":"2022-02-18T09:13:09","date_gmt":"2022-02-18T12:13:09","guid":{"rendered":"https:\/\/expressaoms.com.br\/?p=4792"},"modified":"2022-02-18T09:13:09","modified_gmt":"2022-02-18T12:13:09","slug":"rede-solidaria-promove-acao-saude-solidaria-com-vacinacao-contra-covid-19-e-exames-gratuitos","status":"publish","type":"post","link":"https:\/\/expressaoms.com.br\/index.php\/2022\/02\/18\/rede-solidaria-promove-acao-saude-solidaria-com-vacinacao-contra-covid-19-e-exames-gratuitos\/","title":{"rendered":"Rede solid\u00e1ria promove A\u00e7\u00e3o Sa\u00fade Solid\u00e1ria com vacina\u00e7\u00e3o contra Covid-19 e exames gratuitos"},"content":{"rendered":"<p>A comunidade que mora nas proximidades do Programa Rede Solid\u00e1ria II, ter\u00e1 uma oportunidade \u00fanica de cuidar da sa\u00fade com a A\u00e7\u00e3o Sa\u00fade Solid\u00e1ria, que ser\u00e1 realizado no pr\u00f3ximo dia 19, s\u00e1bado, a partir das 8 horas, na unidade do bairro Jardim Noroeste.<\/p>\n<p>Estar\u00e3o dispon\u00edveis diversos servi\u00e7os com intuito de auxiliar na preven\u00e7\u00e3o de doen\u00e7as e problemas de sa\u00fade, bem como no combate \u00e0 Covid-19 com vacina\u00e7\u00e3o de todas as doses, a partir de 12 anos em parceria com a Cruz Vermelha que estar\u00e1 na unidade com o Bus\u00e3o da Vacina\u00e7\u00e3o, caravana que percorre todo o Brasil, equipada com \u00f4nibus rodovi\u00e1rio completamente adaptado para carregar e armazenar 2.800 doses de vacinas.<\/p>\n<p>\u201cDesde o in\u00edcio da pandemia estamos travando essa batalha tamb\u00e9m. Confeccionamos m\u00e1scaras, distribu\u00edmos donativos, auxiliamos a comunidade com a entrega dos cart\u00f5es do Mais Social, al\u00e9m de toda assist\u00eancia para acesso a servi\u00e7os p\u00fablicos, o que aumentou bastante com a pandemia. Nossas comunidades s\u00e3o muito carentes e foram impactadas diretamente. Agora a expectativa \u00e9 ajudar as pessoas a se imunizar, etapa crucial para contermos o avan\u00e7o da Covid-19\u201d, destaca a Coordenadora Executiva do programa, Martha Helena Ferreira.<\/p>\n<p>Para o evento est\u00e1 prevista a vacina\u00e7\u00e3o de pessoas a partir dos 12 anos de idade, desde a 1\u00b0 dose at\u00e9 as doses de refor\u00e7o. O programa disponibilizar\u00e1 auxilio para cadastro pr\u00e9vio no sistema de vacina\u00e7\u00e3o da Capital.<\/p>\n<p>\u201cAs fam\u00edlias, pais e jovens que n\u00e3o tem acesso \u00e0 Internet poder\u00e3o vir previamente ao programa e fazer seu cadastro. Assim agilizar\u00e1 o atendimento e tamb\u00e9m ir\u00e1 assegurar uma vacina\u00e7\u00e3o segura para todos\u201d, relata a assistente social do Rede Solid\u00e1ria II, Mariv\u00e2nia Delmondes.<\/p>\n<p>Est\u00e1 previsto tamb\u00e9m diversas atividades de preven\u00e7\u00e3o em sa\u00fade. Ser\u00e3o realizadas palestras e exames de Doen\u00e7as Sexualmente Transmiss\u00edveis em parceria com o Centro de Testagem e Aconselhamento (CTA) de Campo Grande. Aferi\u00e7\u00e3o de press\u00e3o arterial, glicemia, peso, altura, IMC e orienta\u00e7\u00f5es de preven\u00e7\u00e3o ao C\u00e2ncer de Mama e a Covid-19 com distribui\u00e7\u00e3o de m\u00e1scaras, em parceria com a faculdade Unigran.<\/p>\n<p>\u201cTamb\u00e9m vamos ter curso de sabonete l\u00edquido e distribui\u00e7\u00e3o de kits de higiene pessoal. Ser\u00e1 uma oportunidade \u00fanica para toda popula\u00e7\u00e3o da regi\u00e3o que carece de acesso r\u00e1pido e de qualidade a sa\u00fade, um bem essencial que estamos aprendendo a dar valor cada vez mais com todo momento cr\u00edtico que estamos vivendo\u201d, analisa o Diretor da Unidade II do programa, Paulo Xavier.<\/p>\n<p>Al\u00e9m de toda a programa\u00e7\u00e3o ser\u00e1 disponibilizado lanches saud\u00e1veis, aul\u00e3o de Aer\u00f3bica e varal solid\u00e1rio para os participantes. Para maiores informa\u00e7\u00f5es, entre em contato pelo telefone 3344-3877.<\/p>\n<p>A\u00c7\u00c3O SA\u00daDE SOLID\u00c1RIA<\/p>\n<p>Dia 19 de fevereiro, s\u00e1bado. Das 8 horas ao meio-dia. Na sede do Programa Rede Solid\u00e1ria II, Rua da Conquista, 649, bairro Jardim Noroeste.<\/p>\n<p>Fonte: Governo MS<\/p>\n","protected":false},"excerpt":{"rendered":"<p>A comunidade que mora nas proximidades do Programa Rede Solid\u00e1ria II, ter\u00e1 uma oportunidade \u00fanica de cuidar da sa\u00fade com a A\u00e7\u00e3o Sa\u00fade Solid\u00e1ria, que ser\u00e1 realizado no pr\u00f3ximo dia 19, s\u00e1bado, a partir das 8 horas, na unidade do bairro Jardim Noroeste. Estar\u00e3o dispon\u00edveis diversos servi\u00e7os com intuito de auxiliar na preven\u00e7\u00e3o de doen\u00e7as [&hellip;]<\/p>\n","protected":false},"author":2,"featured_media":4793,"comment_status":"open","ping_status":"open","sticky":false,"template":"","format":"standard","meta":{"om_disable_all_campaigns":false,"_monsterinsights_skip_tracking":false,"_monsterinsights_sitenote_active":false,"_monsterinsights_sitenote_note":"","_monsterinsights_sitenote_category":0,"footnotes":""},"categories":[44],"tags":[],"aioseo_notices":[],"_links":{"self":[{"href":"https:\/\/expressaoms.com.br\/index.php\/wp-json\/wp\/v2\/posts\/4792"}],"collection":[{"href":"https:\/\/expressaoms.com.br\/index.php\/wp-json\/wp\/v2\/posts"}],"about":[{"href":"https:\/\/expressaoms.com.br\/index.php\/wp-json\/wp\/v2\/types\/post"}],"author":[{"embeddable":true,"href":"https:\/\/expressaoms.com.br\/index.php\/wp-json\/wp\/v2\/users\/2"}],"replies":[{"embeddable":true,"href":"https:\/\/expressaoms.com.br\/index.php\/wp-json\/wp\/v2\/comments?post=4792"}],"version-history":[{"count":1,"href":"https:\/\/expressaoms.com.br\/index.php\/wp-json\/wp\/v2\/posts\/4792\/revisions"}],"predecessor-version":[{"id":4794,"href":"https:\/\/expressaoms.com.br\/index.php\/wp-json\/wp\/v2\/posts\/4792\/revisions\/4794"}],"wp:featuredmedia":[{"embeddable":true,"href":"https:\/\/expressaoms.com.br\/index.php\/wp-json\/wp\/v2\/media\/4793"}],"wp:attachment":[{"href":"https:\/\/expressaoms.com.br\/index.php\/wp-json\/wp\/v2\/media?parent=4792"}],"wp:term":[{"taxonomy":"category","embeddable":true,"href":"https:\/\/expressaoms.com.br\/index.php\/wp-json\/wp\/v2\/categories?post=4792"},{"taxonomy":"post_tag","embeddable":true,"href":"https:\/\/expressaoms.com.br\/index.php\/wp-json\/wp\/v2\/tags?post=4792"}],"curies":[{"name":"wp","href":"https:\/\/api.w.org\/{rel}","templated":true}]}}