{"id":4801,"date":"2022-02-18T07:34:23","date_gmt":"2022-02-18T10:34:23","guid":{"rendered":"https:\/\/expressaoms.com.br\/?p=4801"},"modified":"2022-02-18T09:35:02","modified_gmt":"2022-02-18T12:35:02","slug":"ms-jovem-de-18-anos-morre-apos-treino-do-exercito-familia-alega-negligencia-com-mensagens-de-rotina-exaustiva","status":"publish","type":"post","link":"https:\/\/expressaoms.com.br\/index.php\/2022\/02\/18\/ms-jovem-de-18-anos-morre-apos-treino-do-exercito-familia-alega-negligencia-com-mensagens-de-rotina-exaustiva\/","title":{"rendered":"MS: Jovem de 18 anos morre ap\u00f3s treino do Ex\u00e9rcito; fam\u00edlia alega neglig\u00eancia com mensagens de rotina exaustiva"},"content":{"rendered":"<p><em>Segundo respons\u00e1vel pelo batalh\u00e3o onde jovem estava em treinamento, a v\u00edtima come\u00e7ou a passar mal ap\u00f3s corrida de 3 km. Edilsio Morais chegou a ser atendido ainda no alojamento, mas foi transferido para hospital em estado grave.<\/em><\/p>\n<p>&nbsp;<\/p>\n<p>Edilsio Morais da Silva Filho, de 18 anos, morreu, nesta quarta-feira (16), ap\u00f3s treinamento no N\u00facleo de Prepara\u00e7\u00e3o de Oficiais da Reserva, realizado pelo 9\u00ba Batalh\u00e3o de Engenharia de Combate em Aquidauana (MS). Respons\u00e1veis pelo local confirmam que a morte do jovem foi ap\u00f3s treino. A fam\u00edlia do jovem alega neglig\u00eancia por parte das for\u00e7as armadas.<\/p>\n<p>Em conversa com o g1, o tio da v\u00edtima, Jean Ricardo Brites de Assun\u00e7\u00e3o, descreveu a imagem que a fam\u00edlia tinha de Edilsio: &#8220;um jovem sorridente em busca do sonho de ser militar do Ex\u00e9rcito&#8221;, contou.<\/p>\n<p>Conforme informado pela fam\u00edlia da v\u00edtima, o jovem entrou para o curso da reserva do Ex\u00e9rcito nesta segunda-feira (14). Passados dois dias de treinamentos, levado \u00e0 exaust\u00e3o \u2014 conforme o tio da v\u00edtima\u2014, na quarta-feira (16) Edilsio foi realizar uma corrida e, ap\u00f3s o percurso, come\u00e7ou a passar mal.<\/p>\n<div class=\"mc-column content-text active-extra-styles \" data-block-type=\"unstyled\" data-block-weight=\"47\" data-block-id=\"10\">\n<p class=\"content-text__container \" data-track-category=\"Link no Texto\" data-track-links=\"\">Segundo o comandante do 9\u00ba Batalh\u00e3o de Engenharia de Combate em\u00a0Aquidauana, tenente-coronel Braulio, o jovem teria feito uma corrida de 3 km, acompanhado de outros 19 alunos. No final do percurso, no alojamento, Edilsio come\u00e7ou a passar mal e foi atendimento pelo m\u00e9dico do Batalh\u00e3o.<\/p>\n<\/div>\n<div class=\"content-ads content-ads--reveal\" data-block-type=\"ads\" data-block-id=\"11\">\n<div id=\"banner_materia__60896ebc-ceef-471c-9a7e-cecccae1e716\" class=\"tag-manager-publicidade-container mc-has-reveal mc-has-ad-lazyload tag-manager-publicidade-banner_materia__60896ebc-ceef-471c-9a7e-cecccae1e716 tag-manager-publicidade-container--carregado tag-manager-publicidade-container--visivel\" data-id=\"banner_materia__60896ebc-ceef-471c-9a7e-cecccae1e716\" data-req=\"true\" data-google-query-id=\"CPGw37OgifYCFX-xlQIdCbAA6w\" data-cid=\"138374737913\" data-lid=\"5856188045\">\n<blockquote>\n<div id=\"google_ads_iframe_\/95377733\/tvg_G1\/Sua_Regiao&gt;Centro_Oeste&gt;Mato_Grosso_do_Sul_6__container__\" style=\"box-sizing: inherit; margin: auto; padding: 0px; border: 0pt none; font: inherit; vertical-align: initial; max-width: 100%; text-align: left;\">&#8220;Essa corrida que eles deram, de cerca de 3 km, muito tranquila. Ele n\u00e3o passou mal durante a corrida, mas depois de liberado ele apresentou alguns sinais de que ele n\u00e3o estava bem. Ap\u00f3s veio o atendimento do nosso m\u00e9dico e foi evacuado pela nossa ambul\u00e2ncia para o Hospital Regional de Aquidauana. L\u00e1 foi dado continuidade ao atendimento dele&#8221;, detalha Braulio.<\/div>\n<\/blockquote>\n<\/div>\n<\/div>\n<div class=\"mc-column content-text active-extra-styles\" data-block-type=\"raw\" data-block-weight=\"61\" data-block-id=\"12\">\n<p>&nbsp;<\/p>\n<\/div>\n<div class=\"mc-column content-text active-extra-styles\" data-block-type=\"raw\" data-block-weight=\"3\" data-block-id=\"13\">\n<div class=\"content-intertitle\">\n<h2>Rotina de exaust\u00e3o<\/h2>\n<\/div>\n<p>&nbsp;<\/p>\n<\/div>\n<div class=\"row medium-uncollapsed content-media content-photo\" data-block-type=\"backstage-photo\" data-block-id=\"14\">\n<div class=\"mc-column content-media__container\">\n<div class=\"content-media-container glb-skeleton-box\">\n<figure class=\"content-media-figure\"><img decoding=\"async\" class=\"i-amphtml-fill-content i-amphtml-replaced-content\" src=\"https:\/\/s2.glbimg.com\/_jbH_ukcKO0etzBGxO3XiKeOfyE=\/0x0:1861x918\/984x0\/smart\/filters:strip_icc()\/i.s3.glbimg.com\/v1\/AUTH_59edd422c0c84a879bd37670ae4f538a\/internal_photos\/bs\/2022\/T\/L\/YV51BCQAOiOLCo0FnOtA\/sem-titulo.jpg\" sizes=\"(max-width: 1366px) 648px, 100vw\" srcset=\"https:\/\/s2.glbimg.com\/KyuP9Fjxxv5MiSWXqa00IBNApOI=\/0x0:1861x918\/1000x0\/smart\/filters:strip_icc()\/i.s3.glbimg.com\/v1\/AUTH_59edd422c0c84a879bd37670ae4f538a\/internal_photos\/bs\/2022\/T\/L\/YV51BCQAOiOLCo0FnOtA\/sem-titulo.jpg 1000w, https:\/\/s2.glbimg.com\/_jbH_ukcKO0etzBGxO3XiKeOfyE=\/0x0:1861x918\/984x0\/smart\/filters:strip_icc()\/i.s3.glbimg.com\/v1\/AUTH_59edd422c0c84a879bd37670ae4f538a\/internal_photos\/bs\/2022\/T\/L\/YV51BCQAOiOLCo0FnOtA\/sem-titulo.jpg 984w, https:\/\/s2.glbimg.com\/UNketkI12ongBB5DrSTarIregXI=\/0x0:1861x918\/640x0\/smart\/filters:strip_icc()\/i.s3.glbimg.com\/v1\/AUTH_59edd422c0c84a879bd37670ae4f538a\/internal_photos\/bs\/2022\/T\/L\/YV51BCQAOiOLCo0FnOtA\/sem-titulo.jpg 640w, https:\/\/s2.glbimg.com\/0Lyq-pjT4aWY_wdnoL5VMhktNEI=\/0x0:1861x918\/600x0\/smart\/filters:strip_icc()\/i.s3.glbimg.com\/v1\/AUTH_59edd422c0c84a879bd37670ae4f538a\/internal_photos\/bs\/2022\/T\/L\/YV51BCQAOiOLCo0FnOtA\/sem-titulo.jpg 600w\" alt=\"Troca de mensagens mostra rotina relatada por jovem. \u2014 Foto: Arquivo Pessoal\/Reprodu\u00e7\u00e3o\" \/><\/figure>\n<\/div>\n<p class=\"content-media__description \">Troca de mensagens mostra rotina relatada por jovem. \u2014 Foto: Arquivo Pessoal\/Reprodu\u00e7\u00e3o<\/p>\n<\/div>\n<\/div>\n<div class=\"mc-column content-text active-extra-styles \" data-block-type=\"unstyled\" data-block-weight=\"52\" data-block-id=\"15\">\n<p class=\"content-text__container \" data-track-category=\"Link no Texto\" data-track-links=\"\">\u201cEle entrou segunda-feira saud\u00e1vel e feliz da vida l\u00e1 no quartel, andando, para come\u00e7ar o curso dele e ontem morreu. Com 18 anos, na flor da idade, toda sa\u00fade poss\u00edvel, os exames que foram feitos no hospital da cidade atestam que a sa\u00fade dele era perfeita\u201d, lamentou o tio da v\u00edtima.<\/p>\n<\/div>\n<div class=\"content-ads content-ads--reveal\" data-block-type=\"ads\" data-block-id=\"16\">\n<div id=\"banner_materia__a0e311eb-5c7b-4572-9239-69ff2608dee6\" class=\"tag-manager-publicidade-container mc-has-reveal mc-has-ad-lazyload tag-manager-publicidade-banner_materia__a0e311eb-5c7b-4572-9239-69ff2608dee6 tag-manager-publicidade-container--carregado tag-manager-publicidade-container--visivel\" data-id=\"banner_materia__a0e311eb-5c7b-4572-9239-69ff2608dee6\" data-req=\"true\" data-google-query-id=\"CNj8sr-gifYCFdCFlQIdNm8EWA\" data-cid=\"null\" data-lid=\"null\"><\/div>\n<\/div>\n<div class=\"mc-column content-text active-extra-styles \" data-block-type=\"unstyled\" data-block-weight=\"90\" data-block-id=\"31\">\n<p>J\u00e1 no primeiro, segunda-feira (14), enfrentou a exposi\u00e7\u00e3o ao calor, pouca \u00e1gua, alimenta\u00e7\u00e3o restrita e exerc\u00edcios f\u00edsicos intensos, conforme relatado pela fam\u00edlia. A rotina pesada \u00e9 descrita pelo pr\u00f3prio Edilsio para a m\u00e3e, por troca de mensagens enviadas depois das 23 horas. \u201cHoje foi doido. Teve um momento em que deram 30 segundo para ir no alongamento e voltar pra forma\u00e7\u00e3o. Atrasei e me mandaram fazer uma reda\u00e7\u00e3o de 50 linhas\u201d.<\/p>\n<p>Na conversa, o rapaz explica que s\u00f3 vai poder responder no fim do dia, nos poucos momentos que fica no alojamento. Na madrugada do primeiro dia, Edilsio n\u00e3o conseguiu dormir. Avisou a m\u00e3e que terminou a reda\u00e7\u00e3o \u00e0s 2h20 de ter\u00e7a-feira (15) e uma hora depois j\u00e1 estava acordado para fazer a faxina obrigat\u00f3ria no batalh\u00e3o.<\/p>\n<p>J\u00e1 na manh\u00e3 desta quarta-feira (16), Edilsio e os outros 19 alunos foram submetidos a mais uma sequ\u00eancia de exerc\u00edcios f\u00edsicos. Durante a atividade, no entanto, passou mal, precisou ser levado ao hospital da cidade e n\u00e3o resistiu.<\/p>\n<h2>Ida ao hospital<\/h2>\n<p>Foi confirmado pela pr\u00f3prio Batalh\u00e3o onde Edilsio estava a morte do jovem ap\u00f3s o exerc\u00edcio f\u00edsico. &#8220;Faleceu ap\u00f3s o treinamento, ap\u00f3s a corrida ele se sentiu mal, recebeu atendimento m\u00e9dico no batalh\u00e3o e no hospital regional e \u00e0 noite, por volta das 21h veio a \u00f3bito&#8221;, detalha Coronel Braulio.<\/p>\n<p>O jovem teria chegado em estado grave no Hospital Regional de\u00a0Aquidauana. O\u00a0g1MS\u00a0teve acesso ao atestado de \u00f3bito em que costa que a morte foi causada por rabdomiolise \u2014 a\u00e7\u00e3o do organismo caracterizada pela destrui\u00e7\u00e3o das fibras musculares \u2014, hepatite fulminante, arritmia card\u00edaca e desidrata\u00e7\u00e3o.<\/p>\n<p>Para a fam\u00edlia, a morte de Edilsio foi causada por neglig\u00eancia. &#8220;A morte do meu sobrinho \u00e9 consequ\u00eancia da falta de \u00e1gua, da exposi\u00e7\u00e3o ao sol e das poucas horas de descanso&#8221;, detalha o tio da v\u00edtima.<\/p>\n<p>\u201cMorreu porque come\u00e7ou com desidrata\u00e7\u00e3o, creio eu que [com] uma exposi\u00e7\u00e3o muito grande ao sol, um esfor\u00e7o f\u00edsico muito grande, sendo privado de beber \u00e1gua, ou bebendo em pequenas quantidades, o que n\u00e3o foi suficiente para a hidrata\u00e7\u00e3o dele. E acabou submetido a um esfor\u00e7o f\u00edsico muito grande, n\u00e3o aguentou, come\u00e7ou a passar mal, a desidrata\u00e7\u00e3o levou ela a um estresse muito grande da musculatura dele, teve fal\u00eancia dos rins, ent\u00e3o a desidrata\u00e7\u00e3o levou desencadeou uma s\u00e9rie de outras sequelas no corpo dele que levaram ele a \u00f3bito\u201d, comenta o tio.<\/p>\n<h2>O que diz o Ex\u00e9rcito<\/h2>\n<p>O tenente-coronel Braulio explicou que o treinamento militar \u00e9 composto por instru\u00e7\u00f5es que visam adaptar os jovens na vida militar. &#8220;As pessoas come\u00e7am a aprender as no\u00e7\u00f5es b\u00e1sicas. S\u00e3o instru\u00e7\u00f5es te\u00f3ricas, pr\u00e1ticas, educa\u00e7\u00e3o f\u00edsica, que \u00e9 muito importante para gente. S\u00e3o todas as instru\u00e7\u00f5es que os jovens precisam quando entram na vida militar. Mas \u00e9 tudo conforme prescreve nosso regulamento&#8221;, detalha.<\/p>\n<p>Sobre a acusa\u00e7\u00e3o de neglig\u00eancia, ele diz: &#8220;N\u00e3o adianta eu argumentar alguma coisa. Prefiro n\u00e3o opinar e esperar este trabalho s\u00e9rio da investiga\u00e7\u00e3o do inqu\u00e9rito policial militar, esperamos as conclus\u00f5es. At\u00e9 l\u00e1 n\u00e3o queremos entrar em atrito&#8221;.<\/p>\n<p>Em nota, o Comando Militar do Oeste (CMO) destacou que inqu\u00e9rito militar j\u00e1 foi aberto e investigar\u00e1 as circunst\u00e2ncias que se deram a morte do jovem de 18 anos. Confira nota do CMO \u00edntegra:<\/p>\n<blockquote><p>&#8220;Edilsio Morais da Silva Filho estava em forma\u00e7\u00e3o no N\u00facleo de Prepara\u00e7\u00e3o de Oficiais da Reserva (NPOR) do 9\u00ba Batalh\u00e3o de Engenharia de Combate (9 \u00baB E Cmb), localizado na cidade de\u00a0Aquidauana, desde o dia 14 de fevereiro. No dia 16, o referido aluno come\u00e7ou a passar mal e foi prontamente levado ao Hospital Regional da cidade de\u00a0Aquidauana, onde veio a falecer. As circunst\u00e2ncias que envolveram os fatos ser\u00e3o apuradas em Inqu\u00e9rito Policial Militar j\u00e1 instaurado pelo 9\u00ba Batalh\u00e3o de Engenharia de Combate (9 \u00baB E Cmb)&#8221;.<\/p><\/blockquote>\n<p>Fonte: G1 MS<\/p>\n<\/div>\n<div class=\"block-podcast\"><\/div>\n","protected":false},"excerpt":{"rendered":"<p>Segundo respons\u00e1vel pelo batalh\u00e3o onde jovem estava em treinamento, a v\u00edtima come\u00e7ou a passar mal ap\u00f3s corrida de 3 km. Edilsio Morais chegou a ser atendido ainda no alojamento, mas foi transferido para hospital em estado grave. &nbsp; Edilsio Morais da Silva Filho, de 18 anos, morreu, nesta quarta-feira (16), ap\u00f3s treinamento no N\u00facleo de [&hellip;]<\/p>\n","protected":false},"author":2,"featured_media":4802,"comment_status":"open","ping_status":"open","sticky":false,"template":"","format":"standard","meta":{"om_disable_all_campaigns":false,"_monsterinsights_skip_tracking":false,"_monsterinsights_sitenote_active":false,"_monsterinsights_sitenote_note":"","_monsterinsights_sitenote_category":0,"footnotes":""},"categories":[30,193],"tags":[],"aioseo_notices":[],"_links":{"self":[{"href":"https:\/\/expressaoms.com.br\/index.php\/wp-json\/wp\/v2\/posts\/4801"}],"collection":[{"href":"https:\/\/expressaoms.com.br\/index.php\/wp-json\/wp\/v2\/posts"}],"about":[{"href":"https:\/\/expressaoms.com.br\/index.php\/wp-json\/wp\/v2\/types\/post"}],"author":[{"embeddable":true,"href":"https:\/\/expressaoms.com.br\/index.php\/wp-json\/wp\/v2\/users\/2"}],"replies":[{"embeddable":true,"href":"https:\/\/expressaoms.com.br\/index.php\/wp-json\/wp\/v2\/comments?post=4801"}],"version-history":[{"count":1,"href":"https:\/\/expressaoms.com.br\/index.php\/wp-json\/wp\/v2\/posts\/4801\/revisions"}],"predecessor-version":[{"id":4803,"href":"https:\/\/expressaoms.com.br\/index.php\/wp-json\/wp\/v2\/posts\/4801\/revisions\/4803"}],"wp:featuredmedia":[{"embeddable":true,"href":"https:\/\/expressaoms.com.br\/index.php\/wp-json\/wp\/v2\/media\/4802"}],"wp:attachment":[{"href":"https:\/\/expressaoms.com.br\/index.php\/wp-json\/wp\/v2\/media?parent=4801"}],"wp:term":[{"taxonomy":"category","embeddable":true,"href":"https:\/\/expressaoms.com.br\/index.php\/wp-json\/wp\/v2\/categories?post=4801"},{"taxonomy":"post_tag","embeddable":true,"href":"https:\/\/expressaoms.com.br\/index.php\/wp-json\/wp\/v2\/tags?post=4801"}],"curies":[{"name":"wp","href":"https:\/\/api.w.org\/{rel}","templated":true}]}}