{"id":4805,"date":"2022-02-18T10:30:59","date_gmt":"2022-02-18T13:30:59","guid":{"rendered":"https:\/\/expressaoms.com.br\/?p=4805"},"modified":"2022-02-18T10:30:59","modified_gmt":"2022-02-18T13:30:59","slug":"agronegocio-senar-e-ocb-ms-promovem-palestra-sobre-cooperativismo-para-produtores-da-agricultura-familiar-de-tres-lagoas","status":"publish","type":"post","link":"https:\/\/expressaoms.com.br\/index.php\/2022\/02\/18\/agronegocio-senar-e-ocb-ms-promovem-palestra-sobre-cooperativismo-para-produtores-da-agricultura-familiar-de-tres-lagoas\/","title":{"rendered":"Agroneg\u00f3cio, SENAR e OCB-MS promovem palestra sobre cooperativismo para produtores da Agricultura Familiar de Tr\u00eas Lagoas"},"content":{"rendered":"<p>Na manh\u00e3 desta quinta-feira (17), produtores inseridos no programa da Agricultura Familiar da regi\u00e3o de Tr\u00eas Lagoas participaram de uma palestra sobre cooperativismo no Sindicato Rural. O evento foi organizado pelo Departamento de Agroneg\u00f3cio da Secretaria Municipal de Meio Ambiente e Agroneg\u00f3cio (SEMEA), em parceria com o SENAR \u2013 MS, com intuito de fomentar a forma\u00e7\u00e3o de cooperativas em prol da produ\u00e7\u00e3o de hortifrutigranjeiros no Munic\u00edpio.<\/p>\n<p>Conforme a diretora de Agroneg\u00f3cio, Amanda Pivotto, um dos objetivos \u00e9 a oferta destes alimentos na Central de Comercializa\u00e7\u00e3o da Agricultura Familiar, que est\u00e1 em fase final de constru\u00e7\u00e3o.<\/p>\n<p>\u201cCom a obra quase finalizada, estamos montando a gest\u00e3o da CCAF e pensando nisto, convidamos a Organiza\u00e7\u00e3o de Cooperativas Brasileiras do Estado (OCB \u2013 MS) para explanar o assunto e incentivar estes produtores a aderir ao cooperativismo, trabalhando em uni\u00e3o para benef\u00edcio de todos e dar volume ao abastecimento de alimentos na CCAF\u201d, explicou.<\/p>\n<p>A palestra foi ministrada pelo analista de monitoramento da OCB-MS, Paulo Marcos dos Reis, que exemplificou a metodologia e miss\u00e3o das cooperativas e apresentou as vantagens em nossa regi\u00e3o.<\/p>\n<p>\u201cTr\u00eas Lagoas possui diversas entidades e a Administra\u00e7\u00e3o Municipal parceiras do pequeno produtor rural, por\u00e9m, o cooperativismo pode abrir portas em todos os sentidos, pautando como princ\u00edpio os objetivos sociais e econ\u00f4micos em comum, confiabilidade e uni\u00e3o. Neste encontro, pretendemos despertar o interesse e a possibilidade dos participantes em aderir a este tipo de trabalho e beneficiar cada vez mais a agricultura familiar\u201d, disse.<\/p>\n<p>A OCB-MS \u00e9 integrada ao Servi\u00e7o Nacional de Aprendizagem do Cooperativismo (SESCOOP) do Sistema S. A institui\u00e7\u00e3o oferece atividades de capacita\u00e7\u00e3o, monitoramento, cursos e promo\u00e7\u00e3o social para diversas cooperativas de Mato Grosso do Sul.<\/p>\n<p>O agricultor Marcelo Vieira Yamamoto participou da palestra e demonstrou motiva\u00e7\u00e3o, \u201csendo que estamos aprendendo como montar uma cooperativa, unindo as associa\u00e7\u00f5es para dar forma ao projeto da CCAF. Temos o respaldo do prefeito Angelo Guerreiro e da SEMEA, com todo o apoio que nos prestam e, com tudo que for discutido aqui, espero que haja uni\u00e3o e refor\u00e7o ao trabalho do produtor rural de Tr\u00eas Lagoas\u201d.<\/p>\n<p>O secret\u00e1rio da pasta, Celso Yamaguti, esteve presente, agradeceu a parceria da OCB-MS e enfatizou a import\u00e2ncia da uni\u00e3o com entidades para fortalecer a agricultura local.<\/p>\n<p>\u201cTemos diversos servi\u00e7os \u00e0 disposi\u00e7\u00e3o do pequeno produtor rural, sendo estes uma bandeira da Gest\u00e3o Atual, al\u00e9m de parceiros importantes como a AGRAER, SENAR-MS, SEBRAE, SIMBIOSE e Sindicato dos Trabalhadores Rurais. Especialmente quero agradecer ao apoio do Sindicato Rural em nossas atividades, hoje com o espa\u00e7o e todo o suporte. Gratid\u00e3o a todos\u201d, finalizou.<\/p>\n<p>Fonte: PMTL<\/p>\n","protected":false},"excerpt":{"rendered":"<p>Na manh\u00e3 desta quinta-feira (17), produtores inseridos no programa da Agricultura Familiar da regi\u00e3o de Tr\u00eas Lagoas participaram de uma palestra sobre cooperativismo no Sindicato Rural. O evento foi organizado pelo Departamento de Agroneg\u00f3cio da Secretaria Municipal de Meio Ambiente e Agroneg\u00f3cio (SEMEA), em parceria com o SENAR \u2013 MS, com intuito de fomentar a [&hellip;]<\/p>\n","protected":false},"author":2,"featured_media":4806,"comment_status":"open","ping_status":"open","sticky":false,"template":"","format":"standard","meta":{"om_disable_all_campaigns":false,"_monsterinsights_skip_tracking":false,"_monsterinsights_sitenote_active":false,"_monsterinsights_sitenote_note":"","_monsterinsights_sitenote_category":0,"footnotes":""},"categories":[36,48],"tags":[],"aioseo_notices":[],"_links":{"self":[{"href":"https:\/\/expressaoms.com.br\/index.php\/wp-json\/wp\/v2\/posts\/4805"}],"collection":[{"href":"https:\/\/expressaoms.com.br\/index.php\/wp-json\/wp\/v2\/posts"}],"about":[{"href":"https:\/\/expressaoms.com.br\/index.php\/wp-json\/wp\/v2\/types\/post"}],"author":[{"embeddable":true,"href":"https:\/\/expressaoms.com.br\/index.php\/wp-json\/wp\/v2\/users\/2"}],"replies":[{"embeddable":true,"href":"https:\/\/expressaoms.com.br\/index.php\/wp-json\/wp\/v2\/comments?post=4805"}],"version-history":[{"count":2,"href":"https:\/\/expressaoms.com.br\/index.php\/wp-json\/wp\/v2\/posts\/4805\/revisions"}],"predecessor-version":[{"id":4808,"href":"https:\/\/expressaoms.com.br\/index.php\/wp-json\/wp\/v2\/posts\/4805\/revisions\/4808"}],"wp:featuredmedia":[{"embeddable":true,"href":"https:\/\/expressaoms.com.br\/index.php\/wp-json\/wp\/v2\/media\/4806"}],"wp:attachment":[{"href":"https:\/\/expressaoms.com.br\/index.php\/wp-json\/wp\/v2\/media?parent=4805"}],"wp:term":[{"taxonomy":"category","embeddable":true,"href":"https:\/\/expressaoms.com.br\/index.php\/wp-json\/wp\/v2\/categories?post=4805"},{"taxonomy":"post_tag","embeddable":true,"href":"https:\/\/expressaoms.com.br\/index.php\/wp-json\/wp\/v2\/tags?post=4805"}],"curies":[{"name":"wp","href":"https:\/\/api.w.org\/{rel}","templated":true}]}}