{"id":4815,"date":"2022-02-18T10:40:57","date_gmt":"2022-02-18T13:40:57","guid":{"rendered":"https:\/\/expressaoms.com.br\/?p=4815"},"modified":"2022-02-18T10:40:57","modified_gmt":"2022-02-18T13:40:57","slug":"matriculas-abertas-para-educacao-de-jovens-e-adultos-eja-em-agua-clara","status":"publish","type":"post","link":"https:\/\/expressaoms.com.br\/index.php\/2022\/02\/18\/matriculas-abertas-para-educacao-de-jovens-e-adultos-eja-em-agua-clara\/","title":{"rendered":"Matr\u00edculas abertas para Educa\u00e7\u00e3o de Jovens e Adultos (EJA) em \u00c1gua Clara"},"content":{"rendered":"<p>A Secretaria Municipal de Educa\u00e7\u00e3o informa que as matr\u00edculas para Educa\u00e7\u00e3o de Jovens e Adultos (EJA) est\u00e3o abertas at\u00e9 dia 25 de fevereiro.<\/p>\n<p>As matr\u00edculas devem ser realizadas na Escola Municipal Luciano Silv\u00e9rio de Oliveira, localizada na Rua Manoel Silv\u00e9rio do Nascimento, n\u00ba55, das 7h \u00e0s 20h.<\/p>\n<p>\u27a1\ufe0f Aulas presenciais no per\u00edodo noturno<br \/>\n\u27a1\ufe0f Dispon\u00edvel para ensino fundamental<\/p>\n<p>Telefone para contato \u2013 (67) 3239-2418<\/p>\n<p>Fonte: Prefeitura Municipal de \u00c1gua Clara<\/p>\n","protected":false},"excerpt":{"rendered":"<p>A Secretaria Municipal de Educa\u00e7\u00e3o informa que as matr\u00edculas para Educa\u00e7\u00e3o de Jovens e Adultos (EJA) est\u00e3o abertas at\u00e9 dia 25 de fevereiro. As matr\u00edculas devem ser realizadas na Escola Municipal Luciano Silv\u00e9rio de Oliveira, localizada na Rua Manoel Silv\u00e9rio do Nascimento, n\u00ba55, das 7h \u00e0s 20h. \u27a1\ufe0f Aulas presenciais no per\u00edodo noturno \u27a1\ufe0f Dispon\u00edvel [&hellip;]<\/p>\n","protected":false},"author":2,"featured_media":4816,"comment_status":"open","ping_status":"open","sticky":false,"template":"","format":"standard","meta":{"om_disable_all_campaigns":false,"_monsterinsights_skip_tracking":false,"_monsterinsights_sitenote_active":false,"_monsterinsights_sitenote_note":"","_monsterinsights_sitenote_category":0,"footnotes":""},"categories":[189,193],"tags":[],"aioseo_notices":[],"_links":{"self":[{"href":"https:\/\/expressaoms.com.br\/index.php\/wp-json\/wp\/v2\/posts\/4815"}],"collection":[{"href":"https:\/\/expressaoms.com.br\/index.php\/wp-json\/wp\/v2\/posts"}],"about":[{"href":"https:\/\/expressaoms.com.br\/index.php\/wp-json\/wp\/v2\/types\/post"}],"author":[{"embeddable":true,"href":"https:\/\/expressaoms.com.br\/index.php\/wp-json\/wp\/v2\/users\/2"}],"replies":[{"embeddable":true,"href":"https:\/\/expressaoms.com.br\/index.php\/wp-json\/wp\/v2\/comments?post=4815"}],"version-history":[{"count":1,"href":"https:\/\/expressaoms.com.br\/index.php\/wp-json\/wp\/v2\/posts\/4815\/revisions"}],"predecessor-version":[{"id":4817,"href":"https:\/\/expressaoms.com.br\/index.php\/wp-json\/wp\/v2\/posts\/4815\/revisions\/4817"}],"wp:featuredmedia":[{"embeddable":true,"href":"https:\/\/expressaoms.com.br\/index.php\/wp-json\/wp\/v2\/media\/4816"}],"wp:attachment":[{"href":"https:\/\/expressaoms.com.br\/index.php\/wp-json\/wp\/v2\/media?parent=4815"}],"wp:term":[{"taxonomy":"category","embeddable":true,"href":"https:\/\/expressaoms.com.br\/index.php\/wp-json\/wp\/v2\/categories?post=4815"},{"taxonomy":"post_tag","embeddable":true,"href":"https:\/\/expressaoms.com.br\/index.php\/wp-json\/wp\/v2\/tags?post=4815"}],"curies":[{"name":"wp","href":"https:\/\/api.w.org\/{rel}","templated":true}]}}