{"id":4821,"date":"2022-02-18T11:42:19","date_gmt":"2022-02-18T14:42:19","guid":{"rendered":"https:\/\/expressaoms.com.br\/?p=4821"},"modified":"2022-02-18T14:42:30","modified_gmt":"2022-02-18T17:42:30","slug":"com-refis-agems-renegociou-r25-milhoes-em-dividas","status":"publish","type":"post","link":"https:\/\/expressaoms.com.br\/index.php\/2022\/02\/18\/com-refis-agems-renegociou-r25-milhoes-em-dividas\/","title":{"rendered":"Com Refis, AGEMS renegociou R$2,5 milh\u00f5es em d\u00edvidas"},"content":{"rendered":"<p>O Refis da Ag\u00eancia Estadual de Regula\u00e7\u00e3o de Servi\u00e7os P\u00fablicos (AGEMS), deu a oportunidade para empresas e pessoas f\u00edsicas de Mato Grosso do Sul regularizarem suas pend\u00eancias. Ao todo, foram renegociados R$2,5 milh\u00f5es em d\u00edvidas de aproximadamente 25 prestadores de servi\u00e7os ligados ao transporte de passageiros.<\/p>\n<p>As condi\u00e7\u00f5es foram aplicadas para dar a oportunidade dos transportadores ficarem adimplentes com a Autarquia. O benef\u00edcio foi para quitar d\u00edvidas referentes a taxas diversas e tamb\u00e9m para multas punitivas que foram aplicadas por alguma infra\u00e7\u00e3o.<\/p>\n<p>\u201cAqui na AGEMS estamos buscando o melhor para as empresas e pessoas f\u00edsicas que passaram por dificuldades. Nosso Refis 2021 foi um sucesso e j\u00e1 temos a meta de novos desafios para este ano\u201d, afirma o diretor-presidente, Carlos Alberto de Assis.<\/p>\n<p>Vantagem<br \/>\nO benef\u00edcio foi aplicado para d\u00e9bitos relativos a fatos ocorridos at\u00e9 o dia 17 de dezembro de 2021, quando foi publicada a Lei n\u00ba 5.811, sobre formas excepcionais de regulariza\u00e7\u00e3o de cr\u00e9ditos tribut\u00e1rios e n\u00e3o tribut\u00e1rios no \u00e2mbito da Ag\u00eancia Estadual de Regula\u00e7\u00e3o de Servi\u00e7os P\u00fablicos.<\/p>\n<p>As condi\u00e7\u00f5es vantajosas de isen\u00e7\u00e3o de juros e parcelamento na AGEMS foram garantidas no conjunto de benef\u00edcios ao contribuinte constantes em v\u00e1rias leis propostas pelo Governo e aprovadas na Assembleia Legislativa.<\/p>\n<p>Fonte: Governo MS<\/p>\n","protected":false},"excerpt":{"rendered":"<p>O Refis da Ag\u00eancia Estadual de Regula\u00e7\u00e3o de Servi\u00e7os P\u00fablicos (AGEMS), deu a oportunidade para empresas e pessoas f\u00edsicas de Mato Grosso do Sul regularizarem suas pend\u00eancias. Ao todo, foram renegociados R$2,5 milh\u00f5es em d\u00edvidas de aproximadamente 25 prestadores de servi\u00e7os ligados ao transporte de passageiros. As condi\u00e7\u00f5es foram aplicadas para dar a oportunidade dos [&hellip;]<\/p>\n","protected":false},"author":2,"featured_media":4822,"comment_status":"open","ping_status":"open","sticky":false,"template":"","format":"standard","meta":{"om_disable_all_campaigns":false,"_monsterinsights_skip_tracking":false,"_monsterinsights_sitenote_active":false,"_monsterinsights_sitenote_note":"","_monsterinsights_sitenote_category":0,"footnotes":""},"categories":[30,31],"tags":[],"aioseo_notices":[],"_links":{"self":[{"href":"https:\/\/expressaoms.com.br\/index.php\/wp-json\/wp\/v2\/posts\/4821"}],"collection":[{"href":"https:\/\/expressaoms.com.br\/index.php\/wp-json\/wp\/v2\/posts"}],"about":[{"href":"https:\/\/expressaoms.com.br\/index.php\/wp-json\/wp\/v2\/types\/post"}],"author":[{"embeddable":true,"href":"https:\/\/expressaoms.com.br\/index.php\/wp-json\/wp\/v2\/users\/2"}],"replies":[{"embeddable":true,"href":"https:\/\/expressaoms.com.br\/index.php\/wp-json\/wp\/v2\/comments?post=4821"}],"version-history":[{"count":1,"href":"https:\/\/expressaoms.com.br\/index.php\/wp-json\/wp\/v2\/posts\/4821\/revisions"}],"predecessor-version":[{"id":4823,"href":"https:\/\/expressaoms.com.br\/index.php\/wp-json\/wp\/v2\/posts\/4821\/revisions\/4823"}],"wp:featuredmedia":[{"embeddable":true,"href":"https:\/\/expressaoms.com.br\/index.php\/wp-json\/wp\/v2\/media\/4822"}],"wp:attachment":[{"href":"https:\/\/expressaoms.com.br\/index.php\/wp-json\/wp\/v2\/media?parent=4821"}],"wp:term":[{"taxonomy":"category","embeddable":true,"href":"https:\/\/expressaoms.com.br\/index.php\/wp-json\/wp\/v2\/categories?post=4821"},{"taxonomy":"post_tag","embeddable":true,"href":"https:\/\/expressaoms.com.br\/index.php\/wp-json\/wp\/v2\/tags?post=4821"}],"curies":[{"name":"wp","href":"https:\/\/api.w.org\/{rel}","templated":true}]}}