{"id":4969,"date":"2022-02-22T12:49:16","date_gmt":"2022-02-22T15:49:16","guid":{"rendered":"https:\/\/expressaoms.com.br\/?p=4969"},"modified":"2022-02-22T12:59:36","modified_gmt":"2022-02-22T15:59:36","slug":"suzano-diva-aco-das-obras-da-nova-fabrica-em-ribas-do-rio-pardo-ms","status":"publish","type":"post","link":"https:\/\/expressaoms.com.br\/index.php\/2022\/02\/22\/suzano-diva-aco-das-obras-da-nova-fabrica-em-ribas-do-rio-pardo-ms\/","title":{"rendered":"Suzano divulga avan\u00e7o das obras da nova f\u00e1brica em Ribas do Rio Pardo"},"content":{"rendered":"<p class=\"v1MsoNormal\">A\u00a0<a href=\"https:\/\/www.suzano.com.br\/\" target=\"_blank\" rel=\"noopener noreferrer\">Suzano<\/a> produziu um novo v\u00eddeo em que apresenta a evolu\u00e7\u00e3o das obras da sua nova f\u00e1brica de celulose em Ribas do Rio Pardo (MS) por meio do comparativo entre os meses de janeiro e fevereiro de 2022. No material \u00e9 poss\u00edvel ter uma vis\u00e3o geral do projeto e das diversas frentes de trabalho que comp\u00f5em o canteiro de obras.<\/p>\n<p><iframe title=\"Projeto Cerrado - Fevereiro 2022\" width=\"640\" height=\"360\" src=\"https:\/\/www.youtube.com\/embed\/H0JiKIDJ1yY?feature=oembed\" frameborder=\"0\" allow=\"accelerometer; autoplay; clipboard-write; encrypted-media; gyroscope; picture-in-picture; web-share\" referrerpolicy=\"strict-origin-when-cross-origin\" allowfullscreen><\/iframe><\/p>\n<p>&nbsp;<\/p>\n<p class=\"v1MsoNormal\">Entre os destaques est\u00e3o a estrutura de apoio ao caminheiro, posto m\u00e9dico e brigada de inc\u00eandio, o in\u00edcio da montagem da torre de telecomunica\u00e7\u00f5es e do estaqueamento das ilhas de processos (caldeira de recupera\u00e7\u00e3o e esta\u00e7\u00f5es de tratamento de \u00e1gua e de efluentes). No novo material tamb\u00e9m \u00e9 poss\u00edvel acompanhar o andamento das a\u00e7\u00f5es que est\u00e3o ocorrendo nas \u00e1reas florestal, log\u00edstica, seguran\u00e7a e sa\u00fade, meio ambiente, responsabilidade social, rela\u00e7\u00f5es corporativas e capacita\u00e7\u00e3o profissional.<\/p>\n<p class=\"v1MsoNormal\">Anunciado em maio de 2021 e confirmado pelo Conselho de Administra\u00e7\u00e3o da Suzano no in\u00edcio de novembro do mesmo ano, o Projeto Cerrado receber\u00e1 investimento total de R$19,3 bilh\u00f5es e, no pico das obras, dever\u00e1 gerar cerca de 10 mil empregos diretos. Prevista para entrar\u00a0em opera\u00e7\u00e3o no segundo semestre de 2024, a nova f\u00e1brica \u2013 que ser\u00e1 a unidade mais competitiva da Suzano \u2013,\u00a0vai produzir 2,55 milh\u00f5es de toneladas de celulose de eucalipto por ano,\u00a0empregando 3 mil pessoas, entre colaboradores pr\u00f3prios e terceiros, nas \u00e1reas florestal e industrial, e movimentando toda a cadeia econ\u00f4mica da regi\u00e3o.<\/p>\n","protected":false},"excerpt":{"rendered":"<p>A\u00a0Suzano produziu um novo v\u00eddeo em que apresenta a evolu\u00e7\u00e3o das obras da sua nova f\u00e1brica de celulose em Ribas do Rio Pardo (MS) por meio do comparativo entre os meses de janeiro e fevereiro de 2022. No material \u00e9 poss\u00edvel ter uma vis\u00e3o geral do projeto e das diversas frentes de trabalho que comp\u00f5em [&hellip;]<\/p>\n","protected":false},"author":3,"featured_media":4973,"comment_status":"open","ping_status":"open","sticky":false,"template":"","format":"standard","meta":{"om_disable_all_campaigns":false,"_monsterinsights_skip_tracking":false,"_monsterinsights_sitenote_active":false,"_monsterinsights_sitenote_note":"","_monsterinsights_sitenote_category":0,"footnotes":""},"categories":[30,31,43],"tags":[],"aioseo_notices":[],"_links":{"self":[{"href":"https:\/\/expressaoms.com.br\/index.php\/wp-json\/wp\/v2\/posts\/4969"}],"collection":[{"href":"https:\/\/expressaoms.com.br\/index.php\/wp-json\/wp\/v2\/posts"}],"about":[{"href":"https:\/\/expressaoms.com.br\/index.php\/wp-json\/wp\/v2\/types\/post"}],"author":[{"embeddable":true,"href":"https:\/\/expressaoms.com.br\/index.php\/wp-json\/wp\/v2\/users\/3"}],"replies":[{"embeddable":true,"href":"https:\/\/expressaoms.com.br\/index.php\/wp-json\/wp\/v2\/comments?post=4969"}],"version-history":[{"count":2,"href":"https:\/\/expressaoms.com.br\/index.php\/wp-json\/wp\/v2\/posts\/4969\/revisions"}],"predecessor-version":[{"id":4972,"href":"https:\/\/expressaoms.com.br\/index.php\/wp-json\/wp\/v2\/posts\/4969\/revisions\/4972"}],"wp:featuredmedia":[{"embeddable":true,"href":"https:\/\/expressaoms.com.br\/index.php\/wp-json\/wp\/v2\/media\/4973"}],"wp:attachment":[{"href":"https:\/\/expressaoms.com.br\/index.php\/wp-json\/wp\/v2\/media?parent=4969"}],"wp:term":[{"taxonomy":"category","embeddable":true,"href":"https:\/\/expressaoms.com.br\/index.php\/wp-json\/wp\/v2\/categories?post=4969"},{"taxonomy":"post_tag","embeddable":true,"href":"https:\/\/expressaoms.com.br\/index.php\/wp-json\/wp\/v2\/tags?post=4969"}],"curies":[{"name":"wp","href":"https:\/\/api.w.org\/{rel}","templated":true}]}}