{"id":4985,"date":"2022-02-22T13:29:12","date_gmt":"2022-02-22T16:29:12","guid":{"rendered":"https:\/\/expressaoms.com.br\/?p=4985"},"modified":"2022-02-22T15:44:21","modified_gmt":"2022-02-22T18:44:21","slug":"municipio-cede-area-para-entidade-realizar-tratamento-de-dependentes-quimicos","status":"publish","type":"post","link":"https:\/\/expressaoms.com.br\/index.php\/2022\/02\/22\/municipio-cede-area-para-entidade-realizar-tratamento-de-dependentes-quimicos\/","title":{"rendered":"Munic\u00edpio cede \u00e1rea para entidade realizar tratamento de dependentes qu\u00edmicos"},"content":{"rendered":"<p>Foi entregue na manh\u00e3 desta ter\u00e7a-feira (22), no gabinete do Pa\u00e7o Municipal, a Lei Municipal na qual o Munic\u00edpio autoriza a permiss\u00e3o de uso gratuita para a instala\u00e7\u00e3o da Comunidade Terap\u00eautica \u201cBom Samaritano\u201d. O prefeito Dr. Antonio Thiago entregou a c\u00f3pia da lei para os representantes da entidade, os pastores Valmir Alves dos Santos e Valdinei Martines Soares.<\/p>\n<p><img fetchpriority=\"high\" decoding=\"async\" class=\"aligncenter size-full wp-image-4947\" src=\"https:\/\/expressaoms.com.br\/wp-content\/uploads\/2022\/02\/728x90_BATAGUASSU_COVID.gif\" alt=\"\" width=\"728\" height=\"90\" \/><\/p>\n<p>O Projeto de Lei tramitou na C\u00e2mara Municipal no m\u00eas de outubro e novembro do ano passado, na qual autorizava o Poder Executivo a realizar a permiss\u00e3o do espa\u00e7o da antiga Escola Municipal Agr\u00edcola para a entidade Terap\u00eautica Bom Samaritano.<\/p>\n<p>Segundo a mensagem do Projeto de Lei, a permiss\u00e3o do espa\u00e7o servir\u00e1 para que a entidade formada por diversos representantes da sociedade civil, preste o atendimento e tratamento de dependentes qu\u00edmicos.<\/p>\n<p>A Lei Municipal 2.914\/2021 foi publicada em novembro do ano passado, na qual a permiss\u00e3o de uso \u00e9 pelo prazo de cinco anos, podendo ser prorrogada, caso haja interesse entre as partes e a conveni\u00eancia administrativa.<\/p>\n<p>Atualmente, a comunidade ainda est\u00e1 em processo de implanta\u00e7\u00e3o.<\/p>\n<p>Fonte: Assessoria de Imprensa Brasil\u00e2ndia (MS)<\/p>\n","protected":false},"excerpt":{"rendered":"<p>Foi entregue na manh\u00e3 desta ter\u00e7a-feira (22), no gabinete do Pa\u00e7o Municipal, a Lei Municipal na qual o Munic\u00edpio autoriza a permiss\u00e3o de uso gratuita para a instala\u00e7\u00e3o da Comunidade Terap\u00eautica \u201cBom Samaritano\u201d. O prefeito Dr. Antonio Thiago entregou a c\u00f3pia da lei para os representantes da entidade, os pastores Valmir Alves dos Santos e [&hellip;]<\/p>\n","protected":false},"author":2,"featured_media":4995,"comment_status":"open","ping_status":"open","sticky":false,"template":"","format":"standard","meta":{"om_disable_all_campaigns":false,"_monsterinsights_skip_tracking":false,"_monsterinsights_sitenote_active":false,"_monsterinsights_sitenote_note":"","_monsterinsights_sitenote_category":0,"footnotes":""},"categories":[26,193],"tags":[],"aioseo_notices":[],"_links":{"self":[{"href":"https:\/\/expressaoms.com.br\/index.php\/wp-json\/wp\/v2\/posts\/4985"}],"collection":[{"href":"https:\/\/expressaoms.com.br\/index.php\/wp-json\/wp\/v2\/posts"}],"about":[{"href":"https:\/\/expressaoms.com.br\/index.php\/wp-json\/wp\/v2\/types\/post"}],"author":[{"embeddable":true,"href":"https:\/\/expressaoms.com.br\/index.php\/wp-json\/wp\/v2\/users\/2"}],"replies":[{"embeddable":true,"href":"https:\/\/expressaoms.com.br\/index.php\/wp-json\/wp\/v2\/comments?post=4985"}],"version-history":[{"count":1,"href":"https:\/\/expressaoms.com.br\/index.php\/wp-json\/wp\/v2\/posts\/4985\/revisions"}],"predecessor-version":[{"id":4986,"href":"https:\/\/expressaoms.com.br\/index.php\/wp-json\/wp\/v2\/posts\/4985\/revisions\/4986"}],"wp:featuredmedia":[{"embeddable":true,"href":"https:\/\/expressaoms.com.br\/index.php\/wp-json\/wp\/v2\/media\/4995"}],"wp:attachment":[{"href":"https:\/\/expressaoms.com.br\/index.php\/wp-json\/wp\/v2\/media?parent=4985"}],"wp:term":[{"taxonomy":"category","embeddable":true,"href":"https:\/\/expressaoms.com.br\/index.php\/wp-json\/wp\/v2\/categories?post=4985"},{"taxonomy":"post_tag","embeddable":true,"href":"https:\/\/expressaoms.com.br\/index.php\/wp-json\/wp\/v2\/tags?post=4985"}],"curies":[{"name":"wp","href":"https:\/\/api.w.org\/{rel}","templated":true}]}}