{"id":5031,"date":"2022-02-23T14:23:25","date_gmt":"2022-02-23T17:23:25","guid":{"rendered":"https:\/\/expressaoms.com.br\/?p=5031"},"modified":"2022-02-23T14:29:37","modified_gmt":"2022-02-23T17:29:37","slug":"brasilandia-prefeitura-informa-que-havera-mudanca-de-data-de-pagamento-salarial-nos-proximos-meses","status":"publish","type":"post","link":"https:\/\/expressaoms.com.br\/index.php\/2022\/02\/23\/brasilandia-prefeitura-informa-que-havera-mudanca-de-data-de-pagamento-salarial-nos-proximos-meses\/","title":{"rendered":"Brasil\u00e2ndia: Prefeitura informa que haver\u00e1 mudan\u00e7a de data de pagamento salarial nos pr\u00f3ximos meses"},"content":{"rendered":"<p>O prefeito de Brasil\u00e2ndia, Dr. Antonio Thiago, informou na \u00faltima ter\u00e7a-feira (22), durante a live semanal, para que servidores p\u00fablicos do munic\u00edpio se reorganizem nas finan\u00e7as pessoais, pois em breve, a Prefeitura mudar\u00e1 o dia de pagamento dos vencimentos salariais.<\/p>\n<p><img fetchpriority=\"high\" decoding=\"async\" class=\"aligncenter size-full wp-image-4947\" src=\"https:\/\/expressaoms.com.br\/wp-content\/uploads\/2022\/02\/728x90_BATAGUASSU_COVID.gif\" alt=\"\" width=\"728\" height=\"90\" \/><\/p>\n<p>\u201cEm fevereiro de 2005, enquanto Prefeito, n\u00f3s iniciamos o pagamento dos dentro do \u00faltimo dia \u00fatil do m\u00eas trabalhado, mas com a adequa\u00e7\u00e3o do E-Social, o pagamento passar\u00e1 a ser do dia 1\u00ba ao 5\u00ba dia \u00fatil do m\u00eas subsequente. J\u00e1 falo isso para os servidores se programarem com os boletos, faturas de cart\u00f5es de cr\u00e9ditos e outras despesas pessoais\u201d, disse o prefeito.<\/p>\n<p>O prefeito informou que a mudan\u00e7a pode acontecer provavelmente a partir do m\u00eas de mar\u00e7o, sendo que o Munic\u00edpio poder\u00e1 realizar o pagamento do sal\u00e1rio dos servidores do 1\u00ba ao 5\u00ba dia \u00fatil do m\u00eas de abril.<\/p>\n<p>Vale lembrar que j\u00e1 est\u00e1 definido para esta sexta-feira (25), o pagamento dos vencimentos salariais referente ao m\u00eas de fevereiro.<\/p>\n<p>*E-SOCIAL*<br \/>\nO Sistema de Escritura\u00e7\u00e3o Digital das Obriga\u00e7\u00f5es F\u00edsicas, Previdenci\u00e1rias e Trabalhistas para os setores p\u00fablicos e privados, o E-Social foi criado a partir do Decreto Federal n\u00b0 8373\/2014.<\/p>\n<p>O objetivo \u00e9 a unifica\u00e7\u00e3o de todas as informa\u00e7\u00f5es dos trabalhadores, bem como a aplica\u00e7\u00e3o das leis trabalhistas em uma s\u00f3 plataforma.<\/p>\n<p>O Setor de Recursos Humanos da Prefeitura de Brasil\u00e2ndia j\u00e1 est\u00e1 se adequando ao novo sistema desde julho de 2021, na qual foi dividida em tr\u00eas fases: na primeira, a equipe alimentou o novo sistema com as informa\u00e7\u00f5es, a segunda foi a atualiza\u00e7\u00e3o dos dados pessoais de todos os servidores e a terceira ser\u00e1 futuramente a mudan\u00e7a da data do pagamento dos servidores.<\/p>\n<p>*ATUALIZA\u00c7\u00c3O DE LEIS*<br \/>\nO prefeito tamb\u00e9m informou na live que a equipe do Munic\u00edpio j\u00e1 est\u00e1 em processo de reajustes do Plano de Cargos e Carreiras e o Estatuto do Servidores. Ambas as leis ainda s\u00e3o da d\u00e9cada de 90 e ser\u00e3o em breve atualizadas.<\/p>\n<p>\u201cVamos fazer todos os ajustes j\u00e1 estamos finalizando e deve chegar para a C\u00e2mara de Vereadores em breve, um Projeto de Lei uma adequa\u00e7\u00e3o dos Planos, Cargos e Carreira, Estatuto de Servidor, para que tanto a Prefeitura quanto os servidores do Munic\u00edpio, que s\u00e3o coisas antigas e sejam atualizadas\u201d, informou.<\/p>\n","protected":false},"excerpt":{"rendered":"<p>O prefeito de Brasil\u00e2ndia, Dr. Antonio Thiago, informou na \u00faltima ter\u00e7a-feira (22), durante a live semanal, para que servidores p\u00fablicos do munic\u00edpio se reorganizem nas finan\u00e7as pessoais, pois em breve, a Prefeitura mudar\u00e1 o dia de pagamento dos vencimentos salariais. \u201cEm fevereiro de 2005, enquanto Prefeito, n\u00f3s iniciamos o pagamento dos dentro do \u00faltimo dia [&hellip;]<\/p>\n","protected":false},"author":2,"featured_media":5032,"comment_status":"open","ping_status":"open","sticky":false,"template":"","format":"standard","meta":{"om_disable_all_campaigns":false,"_monsterinsights_skip_tracking":false,"_monsterinsights_sitenote_active":false,"_monsterinsights_sitenote_note":"","_monsterinsights_sitenote_category":0,"footnotes":""},"categories":[26,193],"tags":[],"aioseo_notices":[],"_links":{"self":[{"href":"https:\/\/expressaoms.com.br\/index.php\/wp-json\/wp\/v2\/posts\/5031"}],"collection":[{"href":"https:\/\/expressaoms.com.br\/index.php\/wp-json\/wp\/v2\/posts"}],"about":[{"href":"https:\/\/expressaoms.com.br\/index.php\/wp-json\/wp\/v2\/types\/post"}],"author":[{"embeddable":true,"href":"https:\/\/expressaoms.com.br\/index.php\/wp-json\/wp\/v2\/users\/2"}],"replies":[{"embeddable":true,"href":"https:\/\/expressaoms.com.br\/index.php\/wp-json\/wp\/v2\/comments?post=5031"}],"version-history":[{"count":2,"href":"https:\/\/expressaoms.com.br\/index.php\/wp-json\/wp\/v2\/posts\/5031\/revisions"}],"predecessor-version":[{"id":5045,"href":"https:\/\/expressaoms.com.br\/index.php\/wp-json\/wp\/v2\/posts\/5031\/revisions\/5045"}],"wp:featuredmedia":[{"embeddable":true,"href":"https:\/\/expressaoms.com.br\/index.php\/wp-json\/wp\/v2\/media\/5032"}],"wp:attachment":[{"href":"https:\/\/expressaoms.com.br\/index.php\/wp-json\/wp\/v2\/media?parent=5031"}],"wp:term":[{"taxonomy":"category","embeddable":true,"href":"https:\/\/expressaoms.com.br\/index.php\/wp-json\/wp\/v2\/categories?post=5031"},{"taxonomy":"post_tag","embeddable":true,"href":"https:\/\/expressaoms.com.br\/index.php\/wp-json\/wp\/v2\/tags?post=5031"}],"curies":[{"name":"wp","href":"https:\/\/api.w.org\/{rel}","templated":true}]}}