{"id":5646,"date":"2022-03-10T20:02:55","date_gmt":"2022-03-10T23:02:55","guid":{"rendered":"https:\/\/expressaoms.com.br\/?p=5646"},"modified":"2022-03-10T20:21:24","modified_gmt":"2022-03-10T23:21:24","slug":"comite-de-enfreno-a-covid-19-decide-flexibilizar-o-uso-de-mascaras-em-tres-lagoas","status":"publish","type":"post","link":"https:\/\/expressaoms.com.br\/index.php\/2022\/03\/10\/comite-de-enfreno-a-covid-19-decide-flexibilizar-o-uso-de-mascaras-em-tres-lagoas\/","title":{"rendered":"Comit\u00ea de Enfrentamento \u00e0 Covid-19 decide flexibilizar o uso de m\u00e1scaras em Tr\u00eas Lagoas"},"content":{"rendered":"<div class=\"itemBody kl-blog-post-body kl-blog-cols-1\" data-raofz=\"16\">\n<p data-raofz=\"16\">Os membros do Comit\u00ea de Enfrentamento \u00e0 COVID-19 de Tr\u00eas Lagoa se reuniram nesta quinta-feira (10) para debater o uso de m\u00e1scaras no munic\u00edpio de Tr\u00eas Lagoas, e foi deliberado pela flexibiliza\u00e7\u00e3o do uso do equipamento de seguran\u00e7a, mas com ressalvas para a obrigatoriedade em alguns locais espec\u00edficos e recomenda\u00e7\u00e3o para alguns p\u00fablicos vulner\u00e1veis.<\/p>\n<p data-raofz=\"16\">A presidente do Comit\u00ea Angelina Zuque, alertou que a pandemia ainda n\u00e3o acabou. \u201cAinda existem grupos vulner\u00e1veis, uma parcela da popula\u00e7\u00e3o que ainda n\u00e3o se vacinou ou n\u00e3o completou o esquema de imuniza\u00e7\u00e3o e, por isso, \u00e9 necess\u00e1rio avaliar constantemente as consequ\u00eancias das flexibiliza\u00e7\u00f5es.\u201d<\/p>\n<p data-raofz=\"16\">O m\u00e9dico da Fam\u00edlia e Comunidade e da equipe de Vigil\u00e2ncia Epidemiol\u00f3gica da SMS, Vin\u00edcius de Jesus Rodrigues Neves, pontuou que \u00e9 necess\u00e1rio continuar avaliando o cen\u00e1rio pand\u00eamico em Tr\u00eas Lagoas, inclusive, \u201cobservar os reflexos do per\u00edodo de carnaval, j\u00e1 que novos casos ainda podem ser diagnosticados dentro dos pr\u00f3ximos dias.\u201d<\/p>\n<p data-raofz=\"16\">Elaine F\u00fario, Secret\u00e1ria Municipal de Sa\u00fade, ponderou sobre a preocupa\u00e7\u00e3o em rela\u00e7\u00e3o \u00e0 vacina\u00e7\u00e3o das crian\u00e7as, \u201ctendo em vista que at\u00e9 o momento apenas 40% deste p\u00fablico recebeu uma dose do imunizante.\u201d F\u00fario pontuou tamb\u00e9m que \u00e9 necess\u00e1rio manter o uso de m\u00e1scaras em locais onde haja maior risco de contamina\u00e7\u00e3o.<\/p>\n<p data-raofz=\"16\">Angelina refor\u00e7ou que as pessoas que julgarem necess\u00e1rio o uso de m\u00e1scaras, obviamente, podem continuar utilizando o equipamento de seguran\u00e7a.<\/p>\n<p data-raofz=\"16\">Diante destas informa\u00e7\u00f5es epidemiol\u00f3gicas e observa\u00e7\u00f5es sobre o cen\u00e1rio da pandemia em Tr\u00eas Lagoas, ficaram definidas as seguintes obriga\u00e7\u00f5es e recomenda\u00e7\u00f5es:<\/p>\n<p data-raofz=\"16\">O uso de m\u00e1scaras de prote\u00e7\u00e3o individual passa a ser facultativo no \u00e2mbito do Munic\u00edpio de Tr\u00eas Lagoas.<\/p>\n<p data-raofz=\"16\">No entanto, CONTINUA OBRIGAT\u00d3RIO o uso da prote\u00e7\u00e3o individual em ambientes fechados nos seguintes estabelecimentos: Estrat\u00e9gias de Sa\u00fade da Fam\u00edlia, Postos de Sa\u00fade, Hospitais, Clinicas M\u00e9dicas Particulares e Laborat\u00f3rios, unidades de ensino p\u00fablicas e privadas, servi\u00e7o p\u00fablico de transporte de passageiros, transporte coletivo fretado (particular), bem como para pessoas com sintomas gripais e com diagn\u00f3stico confirmado para COVID-19.<\/p>\n<p data-raofz=\"16\">RECOMENDA-SE a continuidade do uso de m\u00e1scaras de prote\u00e7\u00e3o individual para pessoas imunossuprimidas, idosas, e aquelas n\u00e3o vacinadas ou com esquema vacinal incompleto.<\/p>\n<p data-raofz=\"16\">Permanece o isolamento obrigat\u00f3rio de 7 dias para pessoas com resultado positivo para covid-19 e seus contatos.<\/p>\n<p data-raofz=\"16\">As regras definidas neste Decreto poder\u00e3o ser revistas a qualquer tempo, de acordo com as taxas e \u00edndices de transmissibilidade da COVID-19 no Munic\u00edpio do Tr\u00eas Lagoas.<\/p>\n<\/div>\n<pre data-raofz=\"16\">Foto: Elias Dias<\/pre>\n<div class=\"clearfix\" data-raofz=\"14\"><\/div>\n<div class=\"row blog-sg-footer\" data-raofz=\"14\">\n<div class=\"col-sm-6\" data-raofz=\"14\">\n<div class=\"blog-item-share\" data-raofz=\"14\">\n<div class=\"zn-shareIcons\" data-share-title=\"SHARE:\" data-raofz=\"14\"><\/div>\n<\/div>\n<\/div>\n<\/div>\n","protected":false},"excerpt":{"rendered":"<p>Os membros do Comit\u00ea de Enfrentamento \u00e0 COVID-19 de Tr\u00eas Lagoa se reuniram nesta quinta-feira (10) para debater o uso de m\u00e1scaras no munic\u00edpio de Tr\u00eas Lagoas, e foi deliberado pela flexibiliza\u00e7\u00e3o do uso do equipamento de seguran\u00e7a, mas com ressalvas para a obrigatoriedade em alguns locais espec\u00edficos e recomenda\u00e7\u00e3o para alguns p\u00fablicos vulner\u00e1veis. A [&hellip;]<\/p>\n","protected":false},"author":3,"featured_media":5650,"comment_status":"open","ping_status":"open","sticky":false,"template":"","format":"standard","meta":{"om_disable_all_campaigns":false,"_monsterinsights_skip_tracking":false,"_monsterinsights_sitenote_active":false,"_monsterinsights_sitenote_note":"","_monsterinsights_sitenote_category":0,"footnotes":""},"categories":[30,44,48],"tags":[77,172,197],"aioseo_notices":[],"_links":{"self":[{"href":"https:\/\/expressaoms.com.br\/index.php\/wp-json\/wp\/v2\/posts\/5646"}],"collection":[{"href":"https:\/\/expressaoms.com.br\/index.php\/wp-json\/wp\/v2\/posts"}],"about":[{"href":"https:\/\/expressaoms.com.br\/index.php\/wp-json\/wp\/v2\/types\/post"}],"author":[{"embeddable":true,"href":"https:\/\/expressaoms.com.br\/index.php\/wp-json\/wp\/v2\/users\/3"}],"replies":[{"embeddable":true,"href":"https:\/\/expressaoms.com.br\/index.php\/wp-json\/wp\/v2\/comments?post=5646"}],"version-history":[{"count":2,"href":"https:\/\/expressaoms.com.br\/index.php\/wp-json\/wp\/v2\/posts\/5646\/revisions"}],"predecessor-version":[{"id":5649,"href":"https:\/\/expressaoms.com.br\/index.php\/wp-json\/wp\/v2\/posts\/5646\/revisions\/5649"}],"wp:featuredmedia":[{"embeddable":true,"href":"https:\/\/expressaoms.com.br\/index.php\/wp-json\/wp\/v2\/media\/5650"}],"wp:attachment":[{"href":"https:\/\/expressaoms.com.br\/index.php\/wp-json\/wp\/v2\/media?parent=5646"}],"wp:term":[{"taxonomy":"category","embeddable":true,"href":"https:\/\/expressaoms.com.br\/index.php\/wp-json\/wp\/v2\/categories?post=5646"},{"taxonomy":"post_tag","embeddable":true,"href":"https:\/\/expressaoms.com.br\/index.php\/wp-json\/wp\/v2\/tags?post=5646"}],"curies":[{"name":"wp","href":"https:\/\/api.w.org\/{rel}","templated":true}]}}