{"id":5711,"date":"2022-03-14T08:19:32","date_gmt":"2022-03-14T11:19:32","guid":{"rendered":"https:\/\/expressaoms.com.br\/?p=5711"},"modified":"2022-03-14T17:35:01","modified_gmt":"2022-03-14T20:35:01","slug":"tempo-instavel-semana-tera-sol-chuvas-irregulares-e-maximas-de-33c-no-estado","status":"publish","type":"post","link":"https:\/\/expressaoms.com.br\/index.php\/2022\/03\/14\/tempo-instavel-semana-tera-sol-chuvas-irregulares-e-maximas-de-33c-no-estado\/","title":{"rendered":"Tempo inst\u00e1vel: semana ter\u00e1 sol, chuvas irregulares e m\u00e1ximas de 33\u00b0C no Estado"},"content":{"rendered":"<p>O tempo seguir\u00e1 inst\u00e1vel em Mato Grosso do Sul. Algumas regi\u00f5es ter\u00e3o sol com varia\u00e7\u00e3o de nebulosidade, enquanto outras ter\u00e3o chuvas irregulares.<\/p>\n<p>Entre segunda-feira (14) a quinta-feira (17) a previs\u00e3o do Centro de Monitoramento do Tempo e do Clima indica que a disponibilidade de umidade, associada ao deslocamento de cavados vai aumentar a probabilidade de chuvas de intensidade moderada a localmente fortes, podendo ocorrer tempestades acompanhadas de raios e rajadas de vento.<\/p>\n<p>Durante a semana os maiores acumulados de chuva, segundo o Cemtec, s\u00e3o previstos para as regi\u00f5es centro-norte, leste e nordeste do Estado que pontualmente podem atingir valores acima de 30 mm em 24h.<\/p>\n<p>Para o restante do Estado, a tend\u00eancia \u00e9 de sol com varia\u00e7\u00e3o de nebulosidade. O aquecimento diurno pode provocar pancadas de chuva bem isoladas.<\/p>\n<p>A tend\u00eancia \u00e9 de eleva\u00e7\u00e3o das temperaturas ao longo da semana. O Cemtec estima temperaturas variando entre 21\u00b0C a 29\u00b0C para a regi\u00e3o leste, 18\u00b0C e 32\u00b0C para a regi\u00e3o sudoeste, 22\u00b0C e 33\u00b0C para a regi\u00e3o pantaneira e na Capital entre 19\u00b0C a 30\u00b0C.<\/p>\n<p>Nesta segunda-feira, a Capital ter\u00e1 sol com aumento de nuvens pela manh\u00e3 e s\u00e3o esperadas pancadas de chuva \u00e0 tarde e \u00e0 noite. As temperaturas podem variar entre 22\u00b0C a 29\u00b0C, segundo a Climatempo.<\/p>\n","protected":false},"excerpt":{"rendered":"<p>O tempo seguir\u00e1 inst\u00e1vel em Mato Grosso do Sul. Algumas regi\u00f5es ter\u00e3o sol com varia\u00e7\u00e3o de nebulosidade, enquanto outras ter\u00e3o chuvas irregulares. Entre segunda-feira (14) a quinta-feira (17) a previs\u00e3o do Centro de Monitoramento do Tempo e do Clima indica que a disponibilidade de umidade, associada ao deslocamento de cavados vai aumentar a probabilidade de [&hellip;]<\/p>\n","protected":false},"author":2,"featured_media":5712,"comment_status":"open","ping_status":"open","sticky":false,"template":"","format":"standard","meta":{"om_disable_all_campaigns":false,"_monsterinsights_skip_tracking":false,"_monsterinsights_sitenote_active":false,"_monsterinsights_sitenote_note":"","_monsterinsights_sitenote_category":0,"footnotes":""},"categories":[47],"tags":[],"aioseo_notices":[],"_links":{"self":[{"href":"https:\/\/expressaoms.com.br\/index.php\/wp-json\/wp\/v2\/posts\/5711"}],"collection":[{"href":"https:\/\/expressaoms.com.br\/index.php\/wp-json\/wp\/v2\/posts"}],"about":[{"href":"https:\/\/expressaoms.com.br\/index.php\/wp-json\/wp\/v2\/types\/post"}],"author":[{"embeddable":true,"href":"https:\/\/expressaoms.com.br\/index.php\/wp-json\/wp\/v2\/users\/2"}],"replies":[{"embeddable":true,"href":"https:\/\/expressaoms.com.br\/index.php\/wp-json\/wp\/v2\/comments?post=5711"}],"version-history":[{"count":1,"href":"https:\/\/expressaoms.com.br\/index.php\/wp-json\/wp\/v2\/posts\/5711\/revisions"}],"predecessor-version":[{"id":5713,"href":"https:\/\/expressaoms.com.br\/index.php\/wp-json\/wp\/v2\/posts\/5711\/revisions\/5713"}],"wp:featuredmedia":[{"embeddable":true,"href":"https:\/\/expressaoms.com.br\/index.php\/wp-json\/wp\/v2\/media\/5712"}],"wp:attachment":[{"href":"https:\/\/expressaoms.com.br\/index.php\/wp-json\/wp\/v2\/media?parent=5711"}],"wp:term":[{"taxonomy":"category","embeddable":true,"href":"https:\/\/expressaoms.com.br\/index.php\/wp-json\/wp\/v2\/categories?post=5711"},{"taxonomy":"post_tag","embeddable":true,"href":"https:\/\/expressaoms.com.br\/index.php\/wp-json\/wp\/v2\/tags?post=5711"}],"curies":[{"name":"wp","href":"https:\/\/api.w.org\/{rel}","templated":true}]}}