{"id":5721,"date":"2022-03-14T13:12:24","date_gmt":"2022-03-14T16:12:24","guid":{"rendered":"https:\/\/expressaoms.com.br\/?p=5721"},"modified":"2022-03-14T13:16:31","modified_gmt":"2022-03-14T16:16:31","slug":"prefeitura-de-tres-lagoas-informa-sobre-atraso-para-o-transporte-rural-de-alunos","status":"publish","type":"post","link":"https:\/\/expressaoms.com.br\/index.php\/2022\/03\/14\/prefeitura-de-tres-lagoas-informa-sobre-atraso-para-o-transporte-rural-de-alunos\/","title":{"rendered":"Prefeitura de Tr\u00eas Lagoas informa sobre atraso para o transporte rural de alunos"},"content":{"rendered":"<p>A reda\u00e7\u00e3o do <strong>Express\u00e3o MS<\/strong> entrou em contato com o Departamento de Comunica\u00e7\u00e3o da Prefeitura de Tr\u00eas Lagoas solicitando informa\u00e7\u00f5es a respeito de reclama\u00e7\u00f5es divulgadas nas redes sociais no final de semana, a respeito do transporte escolar rural para alunos das redes municipal e estadual de ensino.<\/p>\n<p>De acordo com as informa\u00e7\u00f5es enviadas pela Comunica\u00e7\u00e3o da Prefeitura, a Secretaria Municipal de Educa\u00e7\u00e3o e Cultura (SEMEC) informou que no final do ano de 2021, as empresas que realizavam o transporte rural das crian\u00e7as em Tr\u00eas Lagoas documentaram a intens\u00e3o de rescindir o contrato de presta\u00e7\u00e3o de servi\u00e7o junto ao munic\u00edpio, alegando a inviabilidade de continuar realizando o transporte devido ao aumento do \u00f3leo diesel e o preju\u00edzo gerado devido \u00e0 pandemia da Covid-19.<\/p>\n<p>Diante desta situa\u00e7\u00e3o, a Secretaria Municipal de Educa\u00e7\u00e3o e Cultura (Semec) lan\u00e7ou o processo licitat\u00f3rio para a contrata\u00e7\u00e3o das novas empresas que ir\u00e3o realizar este servi\u00e7o. Em meados de fevereiro tr\u00eas empresas venceram o processo e ainda est\u00e3o dentro do per\u00edodo legal de apresenta\u00e7\u00e3o de documenta\u00e7\u00e3o e adequa\u00e7\u00e3o de frota para atender \u00e0s necessidades das crian\u00e7as e adolescentes que necessitam deste servi\u00e7o.<\/p>\n<p>A Secretaria destaca ainda que o prazo legal se finda no dia 25 de mar\u00e7o, por\u00e9m que a empresa que vai realizar a linha Arapu\u00e1 j\u00e1 conseguiu realizar as adequa\u00e7\u00f5es, est\u00e3o assinando os contratos e na pr\u00f3xima semana o transporte deve ser iniciado.<\/p>\n<p>J\u00e1 as crian\u00e7as atendidas na regi\u00e3o rural de Tr\u00eas Lagoas e Vera Cruz ser\u00e3o atendidas assim que as empresas cumprirem as exig\u00eancias legais para que o transporte seja iniciado. Vale ressaltar que a data limite para a assinatura do contrato \u00e9 dia 25 de mar\u00e7o, por\u00e9m pode ocorrer antes e o transporte ser retomado t\u00e3o logo o emprenho seja publicado.<\/p>\n<p>A SEMEC exp\u00f4s a situa\u00e7\u00e3o aos pais e, al\u00e9m disso, as escolas desenvolveram Atividades Pedag\u00f3gicas Complementares a Aprendizagem (APCA) que est\u00e3o sendo entregues aos alunos afetados por esta situa\u00e7\u00e3o para que n\u00e3o tenham o aprendizado defasado.<\/p>\n","protected":false},"excerpt":{"rendered":"<p>A reda\u00e7\u00e3o do Express\u00e3o MS entrou em contato com o Departamento de Comunica\u00e7\u00e3o da Prefeitura de Tr\u00eas Lagoas solicitando informa\u00e7\u00f5es a respeito de reclama\u00e7\u00f5es divulgadas nas redes sociais no final de semana, a respeito do transporte escolar rural para alunos das redes municipal e estadual de ensino. De acordo com as informa\u00e7\u00f5es enviadas pela Comunica\u00e7\u00e3o [&hellip;]<\/p>\n","protected":false},"author":3,"featured_media":5734,"comment_status":"open","ping_status":"open","sticky":false,"template":"","format":"standard","meta":{"om_disable_all_campaigns":false,"_monsterinsights_skip_tracking":false,"_monsterinsights_sitenote_active":false,"_monsterinsights_sitenote_note":"","_monsterinsights_sitenote_category":0,"footnotes":""},"categories":[30,32,36,48],"tags":[209,208,172],"aioseo_notices":[],"_links":{"self":[{"href":"https:\/\/expressaoms.com.br\/index.php\/wp-json\/wp\/v2\/posts\/5721"}],"collection":[{"href":"https:\/\/expressaoms.com.br\/index.php\/wp-json\/wp\/v2\/posts"}],"about":[{"href":"https:\/\/expressaoms.com.br\/index.php\/wp-json\/wp\/v2\/types\/post"}],"author":[{"embeddable":true,"href":"https:\/\/expressaoms.com.br\/index.php\/wp-json\/wp\/v2\/users\/3"}],"replies":[{"embeddable":true,"href":"https:\/\/expressaoms.com.br\/index.php\/wp-json\/wp\/v2\/comments?post=5721"}],"version-history":[{"count":4,"href":"https:\/\/expressaoms.com.br\/index.php\/wp-json\/wp\/v2\/posts\/5721\/revisions"}],"predecessor-version":[{"id":5738,"href":"https:\/\/expressaoms.com.br\/index.php\/wp-json\/wp\/v2\/posts\/5721\/revisions\/5738"}],"wp:featuredmedia":[{"embeddable":true,"href":"https:\/\/expressaoms.com.br\/index.php\/wp-json\/wp\/v2\/media\/5734"}],"wp:attachment":[{"href":"https:\/\/expressaoms.com.br\/index.php\/wp-json\/wp\/v2\/media?parent=5721"}],"wp:term":[{"taxonomy":"category","embeddable":true,"href":"https:\/\/expressaoms.com.br\/index.php\/wp-json\/wp\/v2\/categories?post=5721"},{"taxonomy":"post_tag","embeddable":true,"href":"https:\/\/expressaoms.com.br\/index.php\/wp-json\/wp\/v2\/tags?post=5721"}],"curies":[{"name":"wp","href":"https:\/\/api.w.org\/{rel}","templated":true}]}}