{"id":5722,"date":"2022-03-14T11:26:26","date_gmt":"2022-03-14T14:26:26","guid":{"rendered":"https:\/\/expressaoms.com.br\/?p=5722"},"modified":"2022-03-14T11:26:26","modified_gmt":"2022-03-14T14:26:26","slug":"governo-do-estado-publica-tabela-de-salario-dos-professores-convocados-com-o-reajuste-de-34","status":"publish","type":"post","link":"https:\/\/expressaoms.com.br\/index.php\/2022\/03\/14\/governo-do-estado-publica-tabela-de-salario-dos-professores-convocados-com-o-reajuste-de-34\/","title":{"rendered":"Governo do Estado publica tabela de sal\u00e1rio dos professores convocados com o reajuste de 34%"},"content":{"rendered":"<p>Com reajuste de 34% concedido pelo Governo do Estado, o sal\u00e1rio do professor convocado chega a R$ 6 mil, como \u00e9 o caso do profissional com mestrado\/doutorado com carga de 40 horas semanais. Tabela da nova remunera\u00e7\u00e3o est\u00e1 publicada no Di\u00e1rio Oficial do Estado (DOE) desta segunda-feira (14).<\/p>\n<p>De acordo com a publica\u00e7\u00e3o, a menor remunera\u00e7\u00e3o, de R$ 3.900,00, \u00e9 do professor convocado com normal m\u00e9dio\/magist\u00e9rio, tamb\u00e9m para 40 horas\/aula por semana.<\/p>\n<p>O an\u00fancio do reajuste de 34% em duas vezes foi feito pelo governador Reinaldo Azambuja no dia 23 do m\u00eas passado, em reuni\u00e3o com o presidente da Fetems (Federa\u00e7\u00e3o dos Trabalhadores em Educa\u00e7\u00e3o no Estado), Jaime Teixeira, e foi resultado de conversas com a Fetems. Os professores receberam 20% em fevereiro e os 14% restantes a partir de primeiro de abril deste ano.<\/p>\n<p>\u201c\u00c9 muito importante o di\u00e1logo, que nunca cessou. Tivemos momentos dif\u00edceis, mas n\u00e3o deixamos de conversar. \u00c9 um ganho da Federa\u00e7\u00e3o e do governador. \u00c9 uma valoriza\u00e7\u00e3o importante, merecida. Estamos dando reajuste enquanto 70% dos estados n\u00e3o conseguem pagar o piso\u201d, afirmou o governador ao anunciar o reajuste.<\/p>\n<p>J\u00e1 o presidente da Fetems declarou que o reajuste mostra o comprometimento de Mato Grosso do Sul com a qualidade da educa\u00e7\u00e3o. \u201c\u00c9 um compromisso com a educa\u00e7\u00e3o p\u00fablica de Mato Grosso do Sul. O nosso sal\u00e1rio \u00e9 o melhor para o efetivo e, agora, o senhor (Reinaldo Azambuja) diminui a dist\u00e2ncia para o convocado\u201d, afirmou Jaime Teixeira. De acordo com a Secretaria de Estado de Fazenda, a previs\u00e3o \u00e9 de um impacto na folha de R$ 100 milh\u00f5es por ano.<\/p>\n","protected":false},"excerpt":{"rendered":"<p>Com reajuste de 34% concedido pelo Governo do Estado, o sal\u00e1rio do professor convocado chega a R$ 6 mil, como \u00e9 o caso do profissional com mestrado\/doutorado com carga de 40 horas semanais. Tabela da nova remunera\u00e7\u00e3o est\u00e1 publicada no Di\u00e1rio Oficial do Estado (DOE) desta segunda-feira (14). De acordo com a publica\u00e7\u00e3o, a menor [&hellip;]<\/p>\n","protected":false},"author":2,"featured_media":5723,"comment_status":"open","ping_status":"open","sticky":false,"template":"","format":"standard","meta":{"om_disable_all_campaigns":false,"_monsterinsights_skip_tracking":false,"_monsterinsights_sitenote_active":false,"_monsterinsights_sitenote_note":"","_monsterinsights_sitenote_category":0,"footnotes":""},"categories":[32,36],"tags":[],"aioseo_notices":[],"_links":{"self":[{"href":"https:\/\/expressaoms.com.br\/index.php\/wp-json\/wp\/v2\/posts\/5722"}],"collection":[{"href":"https:\/\/expressaoms.com.br\/index.php\/wp-json\/wp\/v2\/posts"}],"about":[{"href":"https:\/\/expressaoms.com.br\/index.php\/wp-json\/wp\/v2\/types\/post"}],"author":[{"embeddable":true,"href":"https:\/\/expressaoms.com.br\/index.php\/wp-json\/wp\/v2\/users\/2"}],"replies":[{"embeddable":true,"href":"https:\/\/expressaoms.com.br\/index.php\/wp-json\/wp\/v2\/comments?post=5722"}],"version-history":[{"count":1,"href":"https:\/\/expressaoms.com.br\/index.php\/wp-json\/wp\/v2\/posts\/5722\/revisions"}],"predecessor-version":[{"id":5724,"href":"https:\/\/expressaoms.com.br\/index.php\/wp-json\/wp\/v2\/posts\/5722\/revisions\/5724"}],"wp:featuredmedia":[{"embeddable":true,"href":"https:\/\/expressaoms.com.br\/index.php\/wp-json\/wp\/v2\/media\/5723"}],"wp:attachment":[{"href":"https:\/\/expressaoms.com.br\/index.php\/wp-json\/wp\/v2\/media?parent=5722"}],"wp:term":[{"taxonomy":"category","embeddable":true,"href":"https:\/\/expressaoms.com.br\/index.php\/wp-json\/wp\/v2\/categories?post=5722"},{"taxonomy":"post_tag","embeddable":true,"href":"https:\/\/expressaoms.com.br\/index.php\/wp-json\/wp\/v2\/tags?post=5722"}],"curies":[{"name":"wp","href":"https:\/\/api.w.org\/{rel}","templated":true}]}}