{"id":5750,"date":"2022-03-14T14:17:58","date_gmt":"2022-03-14T17:17:58","guid":{"rendered":"https:\/\/expressaoms.com.br\/?p=5750"},"modified":"2022-03-14T16:19:17","modified_gmt":"2022-03-14T19:19:17","slug":"semana-comeca-com-48-novos-casos-em-10-municipios-de-mato-grosso-do-sul","status":"publish","type":"post","link":"https:\/\/expressaoms.com.br\/index.php\/2022\/03\/14\/semana-comeca-com-48-novos-casos-em-10-municipios-de-mato-grosso-do-sul\/","title":{"rendered":"Semana come\u00e7a com 48 novos casos em 10 munic\u00edpios de Mato Grosso do Sul"},"content":{"rendered":"<p>Mato Grosso do Sul inicia a semana com indicadores da Covid em redu\u00e7\u00e3o. Boletim epidemiol\u00f3gico desta segunda-feira (14) registra 48 novas infec\u00e7\u00f5es pela doen\u00e7a em 10 munic\u00edpios do Estado, e m\u00e9dia m\u00f3vel de 850 nos \u00faltimos 7 dias.<\/p>\n<p>Os munic\u00edpios que registraram casos s\u00e3o Campo Grande (29), Dourados (5), Navira\u00ed (5), Alcin\u00f3polis (2), Costa Rica (2), Bonito (1), Brasil\u00e2ndia (1), Maracaju (1), Rio Negro (1) e S\u00e3o Gabriel do Oeste (1).<\/p>\n<p>Foram registradas 3 mortes por complica\u00e7\u00f5es da doen\u00e7a entre os dias 11 de fevereiro a 10 de mar\u00e7o. As v\u00edtimas tinham idades entre 50 a 82 anos, e 2 residiam em Campo Grande e uma em S\u00e3o Gabriel do Oeste. A m\u00e9dia m\u00f3vel de \u00f3bitos dos \u00faltimos caiu para 5, enquanto a taxa de letalidade est\u00e1 em 2%.<\/p>\n<p>Existem 4.100 casos ativos da doen\u00e7a em isolamento domiciliar e mais 114 sul-mato-grossenses internados em leitos cl\u00ednicos (48) e leitos de UTI (66). A ocupa\u00e7\u00e3o de leitos UTI\/SUS adulto por macrorregi\u00e3o de interna\u00e7\u00e3o est\u00e1 em 77% em Campo Grande, 67% em Dourados, 53% em Corumb\u00e1 e 34% em Tr\u00eas Lagoas.<\/p>\n<p>Dados do Vacin\u00f4metro indicam que da popula\u00e7\u00e3o vacin\u00e1vel acima de 5 anos, Mato Grosso do Sul j\u00e1 conta com 93,83% vacinados com a D1 ou dose \u00fanica, e 80,78% com as duas doses da vacina.<\/p>\n<p>Influenza<\/p>\n<p>O boletim epidemiol\u00f3gico Influenza desta segunda-feira (14) est\u00e1 zerado novamente, tanto para novos casos de hospitaliza\u00e7\u00e3o notificados quanto para \u00f3bitos pela doen\u00e7a.<\/p>\n<p>Confira aqui todos os detalhes do boletim epidemiol\u00f3gico Covid e Influenza.<\/p>\n","protected":false},"excerpt":{"rendered":"<p>Mato Grosso do Sul inicia a semana com indicadores da Covid em redu\u00e7\u00e3o. Boletim epidemiol\u00f3gico desta segunda-feira (14) registra 48 novas infec\u00e7\u00f5es pela doen\u00e7a em 10 munic\u00edpios do Estado, e m\u00e9dia m\u00f3vel de 850 nos \u00faltimos 7 dias. Os munic\u00edpios que registraram casos s\u00e3o Campo Grande (29), Dourados (5), Navira\u00ed (5), Alcin\u00f3polis (2), Costa Rica [&hellip;]<\/p>\n","protected":false},"author":2,"featured_media":5751,"comment_status":"open","ping_status":"open","sticky":false,"template":"","format":"standard","meta":{"om_disable_all_campaigns":false,"_monsterinsights_skip_tracking":false,"_monsterinsights_sitenote_active":false,"_monsterinsights_sitenote_note":"","_monsterinsights_sitenote_category":0,"footnotes":""},"categories":[30,44],"tags":[],"aioseo_notices":[],"_links":{"self":[{"href":"https:\/\/expressaoms.com.br\/index.php\/wp-json\/wp\/v2\/posts\/5750"}],"collection":[{"href":"https:\/\/expressaoms.com.br\/index.php\/wp-json\/wp\/v2\/posts"}],"about":[{"href":"https:\/\/expressaoms.com.br\/index.php\/wp-json\/wp\/v2\/types\/post"}],"author":[{"embeddable":true,"href":"https:\/\/expressaoms.com.br\/index.php\/wp-json\/wp\/v2\/users\/2"}],"replies":[{"embeddable":true,"href":"https:\/\/expressaoms.com.br\/index.php\/wp-json\/wp\/v2\/comments?post=5750"}],"version-history":[{"count":1,"href":"https:\/\/expressaoms.com.br\/index.php\/wp-json\/wp\/v2\/posts\/5750\/revisions"}],"predecessor-version":[{"id":5752,"href":"https:\/\/expressaoms.com.br\/index.php\/wp-json\/wp\/v2\/posts\/5750\/revisions\/5752"}],"wp:featuredmedia":[{"embeddable":true,"href":"https:\/\/expressaoms.com.br\/index.php\/wp-json\/wp\/v2\/media\/5751"}],"wp:attachment":[{"href":"https:\/\/expressaoms.com.br\/index.php\/wp-json\/wp\/v2\/media?parent=5750"}],"wp:term":[{"taxonomy":"category","embeddable":true,"href":"https:\/\/expressaoms.com.br\/index.php\/wp-json\/wp\/v2\/categories?post=5750"},{"taxonomy":"post_tag","embeddable":true,"href":"https:\/\/expressaoms.com.br\/index.php\/wp-json\/wp\/v2\/tags?post=5750"}],"curies":[{"name":"wp","href":"https:\/\/api.w.org\/{rel}","templated":true}]}}