{"id":5913,"date":"2022-03-18T06:34:07","date_gmt":"2022-03-18T09:34:07","guid":{"rendered":"https:\/\/expressaoms.com.br\/?p=5913"},"modified":"2022-03-18T09:36:28","modified_gmt":"2022-03-18T12:36:28","slug":"frente-fria-muda-o-tempo-e-outono-comeca-com-bastante-chuva-e-temperaturas-amenas","status":"publish","type":"post","link":"https:\/\/expressaoms.com.br\/index.php\/2022\/03\/18\/frente-fria-muda-o-tempo-e-outono-comeca-com-bastante-chuva-e-temperaturas-amenas\/","title":{"rendered":"Frente fria muda o tempo, e outono come\u00e7a com bastante chuva e temperaturas amenas"},"content":{"rendered":"<p>A dois dias do in\u00edcio oficial do outono, o clima da nova esta\u00e7\u00e3o j\u00e1 come\u00e7a a dar as caras em Mato Grosso do Sul. A aproxima\u00e7\u00e3o de uma frente fria associada a outros sistemas deixa o tempo inst\u00e1vel, provocando chuvas e favorecendo temperaturas mais amenas ao longo do final de semana.<\/p>\n<p><img fetchpriority=\"high\" decoding=\"async\" class=\"aligncenter size-full wp-image-5906\" src=\"https:\/\/expressaoms.com.br\/wp-content\/uploads\/2022\/03\/Site_Expressao_MS_GabiVive_Brasilandia_728_x_90.jpg\" alt=\"\" width=\"728\" height=\"90\" srcset=\"https:\/\/expressaoms.com.br\/wp-content\/uploads\/2022\/03\/Site_Expressao_MS_GabiVive_Brasilandia_728_x_90.jpg 728w, https:\/\/expressaoms.com.br\/wp-content\/uploads\/2022\/03\/Site_Expressao_MS_GabiVive_Brasilandia_728_x_90-600x74.jpg 600w, https:\/\/expressaoms.com.br\/wp-content\/uploads\/2022\/03\/Site_Expressao_MS_GabiVive_Brasilandia_728_x_90-300x37.jpg 300w\" sizes=\"(max-width: 728px) 100vw, 728px\" \/><\/p>\n<p>A previs\u00e3o do Centro de Monitoramento do Tempo e do Clima para esta sexta-feira (18) indica que durante o dia h\u00e1 chance de chuvas isoladas para o extremo norte. Por\u00e9m a partir da tarde, s\u00e3o esperadas chuvas de intensidade moderada a forte, e tempestades acompanhadas de raios, rajadas de vento e eventual queda de granizo para a regi\u00e3o sul do Estado.<\/p>\n<p>As instabilidades ganham for\u00e7a e se espalham para o restante do Estado ao longo do final de semana. Al\u00e9m da frente fria, a converg\u00eancia de umidade em baixos n\u00edveis, a combina\u00e7\u00e3o de calor e umidade, o deslocamento de cavados, e um sistema de baixa press\u00e3o atmosf\u00e9rica vindo da Argentina com deslocamento para o Paraguai podem provocar chuvas de intensidade moderada a localmente fortes.<\/p>\n<p>Tanto para o s\u00e1bado (19) e domingo (20) s\u00e3o esperadas tempestades acompanhadas de raios, rajadas de vento e eventual queda de granizo principalmente nas regi\u00f5es sudoeste, pantaneira e centro-norte. Nestas regi\u00f5es os acumulados pode ser significativos, de at\u00e9 80 mm ao longo de todo final de semana, aponta o Cemtec.<\/p>\n<p>Outro destaque ser\u00e3o as temperaturas. A atua\u00e7\u00e3o da frente fria e o aumento de nebulosidade, bloqueiam os raios solares e limitam o aquecimento da superf\u00edcie, deixando o clima mais agrad\u00e1vel. S\u00e3o esperadas temperaturas com valores entre 22\/32\u00baC para a regi\u00e3o leste, 23\/31\u00baC na regi\u00e3o pantaneira, 21\/31\u00baC na regi\u00e3o sudoeste e 21\/29\u00b0C para a capital 21\/29\u00baC.<\/p>\n<p>Confira no mapa as condi\u00e7\u00f5es de tempo e temperatura estimadas pela equipe do Cemtec para esta sexta-feira.<\/p>\n<p><img decoding=\"async\" class=\"aligncenter size-full wp-image-5914\" src=\"https:\/\/expressaoms.com.br\/wp-content\/uploads\/2022\/03\/0E3FC895-2AC7-4101-A89B-5D650DB3E922.png\" alt=\"\" width=\"729\" height=\"550\" srcset=\"https:\/\/expressaoms.com.br\/wp-content\/uploads\/2022\/03\/0E3FC895-2AC7-4101-A89B-5D650DB3E922.png 729w, https:\/\/expressaoms.com.br\/wp-content\/uploads\/2022\/03\/0E3FC895-2AC7-4101-A89B-5D650DB3E922-600x453.png 600w, https:\/\/expressaoms.com.br\/wp-content\/uploads\/2022\/03\/0E3FC895-2AC7-4101-A89B-5D650DB3E922-300x226.png 300w\" sizes=\"(max-width: 729px) 100vw, 729px\" \/><\/p>\n","protected":false},"excerpt":{"rendered":"<p>A dois dias do in\u00edcio oficial do outono, o clima da nova esta\u00e7\u00e3o j\u00e1 come\u00e7a a dar as caras em Mato Grosso do Sul. A aproxima\u00e7\u00e3o de uma frente fria associada a outros sistemas deixa o tempo inst\u00e1vel, provocando chuvas e favorecendo temperaturas mais amenas ao longo do final de semana. A previs\u00e3o do Centro [&hellip;]<\/p>\n","protected":false},"author":2,"featured_media":5915,"comment_status":"open","ping_status":"open","sticky":false,"template":"","format":"standard","meta":{"om_disable_all_campaigns":false,"_monsterinsights_skip_tracking":false,"_monsterinsights_sitenote_active":false,"_monsterinsights_sitenote_note":"","_monsterinsights_sitenote_category":0,"footnotes":""},"categories":[30,47],"tags":[],"aioseo_notices":[],"_links":{"self":[{"href":"https:\/\/expressaoms.com.br\/index.php\/wp-json\/wp\/v2\/posts\/5913"}],"collection":[{"href":"https:\/\/expressaoms.com.br\/index.php\/wp-json\/wp\/v2\/posts"}],"about":[{"href":"https:\/\/expressaoms.com.br\/index.php\/wp-json\/wp\/v2\/types\/post"}],"author":[{"embeddable":true,"href":"https:\/\/expressaoms.com.br\/index.php\/wp-json\/wp\/v2\/users\/2"}],"replies":[{"embeddable":true,"href":"https:\/\/expressaoms.com.br\/index.php\/wp-json\/wp\/v2\/comments?post=5913"}],"version-history":[{"count":1,"href":"https:\/\/expressaoms.com.br\/index.php\/wp-json\/wp\/v2\/posts\/5913\/revisions"}],"predecessor-version":[{"id":5916,"href":"https:\/\/expressaoms.com.br\/index.php\/wp-json\/wp\/v2\/posts\/5913\/revisions\/5916"}],"wp:featuredmedia":[{"embeddable":true,"href":"https:\/\/expressaoms.com.br\/index.php\/wp-json\/wp\/v2\/media\/5915"}],"wp:attachment":[{"href":"https:\/\/expressaoms.com.br\/index.php\/wp-json\/wp\/v2\/media?parent=5913"}],"wp:term":[{"taxonomy":"category","embeddable":true,"href":"https:\/\/expressaoms.com.br\/index.php\/wp-json\/wp\/v2\/categories?post=5913"},{"taxonomy":"post_tag","embeddable":true,"href":"https:\/\/expressaoms.com.br\/index.php\/wp-json\/wp\/v2\/tags?post=5913"}],"curies":[{"name":"wp","href":"https:\/\/api.w.org\/{rel}","templated":true}]}}