{"id":5920,"date":"2022-03-18T06:40:25","date_gmt":"2022-03-18T09:40:25","guid":{"rendered":"https:\/\/expressaoms.com.br\/?p=5920"},"modified":"2022-03-18T09:42:54","modified_gmt":"2022-03-18T12:42:54","slug":"em-tres-lagoas-agepen-inaugura-obras-de-ampliacao-na-colonia-penal-e-galeria-de-diretores-na-penitenciaria","status":"publish","type":"post","link":"https:\/\/expressaoms.com.br\/index.php\/2022\/03\/18\/em-tres-lagoas-agepen-inaugura-obras-de-ampliacao-na-colonia-penal-e-galeria-de-diretores-na-penitenciaria\/","title":{"rendered":"Em Tr\u00eas Lagoas, Agepen inaugura obras de amplia\u00e7\u00e3o na Col\u00f4nia Penal e Galeria de Diretores na Penitenci\u00e1ria"},"content":{"rendered":"<p>Para aprimorar as a\u00e7\u00f5es de assist\u00eancia aos reeducandos e garantir maior seguran\u00e7a, obras de reestrutura\u00e7\u00e3o e amplia\u00e7\u00e3o foram realizadas na Col\u00f4nia Penal Industrial \u201cParacelso de Lima Vieira Jesus\u201d de Tr\u00eas Lagoas (CPITL). A solenidade de inaugura\u00e7\u00e3o foi realizada, na quarta-feira (16), e contou com a presen\u00e7a de autoridades e parceiros locais.<\/p>\n<p><img fetchpriority=\"high\" decoding=\"async\" class=\"aligncenter size-full wp-image-5906\" src=\"https:\/\/expressaoms.com.br\/wp-content\/uploads\/2022\/03\/Site_Expressao_MS_GabiVive_Brasilandia_728_x_90.jpg\" alt=\"\" width=\"728\" height=\"90\" srcset=\"https:\/\/expressaoms.com.br\/wp-content\/uploads\/2022\/03\/Site_Expressao_MS_GabiVive_Brasilandia_728_x_90.jpg 728w, https:\/\/expressaoms.com.br\/wp-content\/uploads\/2022\/03\/Site_Expressao_MS_GabiVive_Brasilandia_728_x_90-600x74.jpg 600w, https:\/\/expressaoms.com.br\/wp-content\/uploads\/2022\/03\/Site_Expressao_MS_GabiVive_Brasilandia_728_x_90-300x37.jpg 300w\" sizes=\"(max-width: 728px) 100vw, 728px\" \/><\/p>\n<p>Com investimento na ordem de R$ 260 mil, diversas melhorias foram proporcionadas \u00e0 unidade penal masculina de regime semiaberto, garantindo um cumprimento mais digno aos apenados e melhores condi\u00e7\u00f5es de trabalho aos servidores.<\/p>\n<p>A reforma\u00a0foi realizada pela Agepen (Ag\u00eancia Estadual de Administra\u00e7\u00e3o do Sistema Penitenci\u00e1rio), por meio da dire\u00e7\u00e3o da CPITL, com recursos provenientes de penas pecuni\u00e1rias liberadas pelo Minist\u00e9rio P\u00fablico e pelo titular da 1\u00aa Vara Criminal de Tr\u00eas Lagoas, juiz Rodrigo Pedrini Marcos; contou, ainda, com apoio do Conselho da Comunidade de Tr\u00eas Lagoas.<\/p>\n<p>Um novo Setor Administrativo foi constru\u00eddo, o qual recebeu o nome do ex-presidente do Conselho, Jos\u00e9 Ant\u00f4nio Rodrigues. A homenagem reflete o relevante trabalho do profissional no tempo que esteve frente \u00e0 pasta. Durante o evento, a esposa de Jos\u00e9, que faleceu ano passado, recebeu um buqu\u00ea como forma agradecimento.<\/p>\n<p>O Setor Administrativo contempla a sala de atendimento psicossocial, a coordena\u00e7\u00e3o da \u00e1rea da sa\u00fade e da educa\u00e7\u00e3o, onde tamb\u00e9m funciona as videoconfer\u00eancias.<\/p>\n<p>Em discurso, o diretor da Col\u00f4nia Penal Industrial, Jos\u00e9 Ant\u00f4nio Garcia Sales, destacou que as obras foram realizadas nos \u00faltimos dois anos e trouxeram diversos benef\u00edcios ao local.<\/p>\n<p>\u201cA partir delas, tamb\u00e9m implantamos uma nova empresa que proporcionou mais ocupa\u00e7\u00e3o produtiva aos internos. Hoje temos mais de 90% da massa carcer\u00e1ria trabalhando e temos a miss\u00e3o de atingir sua totalidade, algo in\u00e9dito no estado. Tudo isso \u00e9 realidade gra\u00e7as ao trabalho em equipe dos servidores e as institui\u00e7\u00f5es parcerias, que atuam em conjunto com a unidade\u201d, agradeceu Sales.<\/p>\n<figure id=\"attachment_66871\" class=\"wp-caption aligncenter\"><a href=\"https:\/\/www.agepen.ms.gov.br\/wp-content\/uploads\/2021\/10\/Reforma.jpeg\"><img decoding=\"async\" class=\"wp-image-66871 size-full\" src=\"https:\/\/www.agepen.ms.gov.br\/wp-content\/uploads\/2021\/10\/Reforma.jpeg\" alt=\"\" width=\"993\" height=\"653\" \/><\/a><figcaption class=\"wp-caption-text\"><em>As obras consistiram na reforma do telhado, alambrados, al\u00e9m da parte el\u00e9trica, hidr\u00e1ulica e pintura das celas<\/em><\/figcaption><\/figure>\n<p>As obras de reestrutura\u00e7\u00e3o contemplaram, ainda, a troca de telhados, alambrados, parte hidr\u00e1ulica, el\u00e9trica e pintura de alojamentos e celas; al\u00e9m da amplia\u00e7\u00e3o da portaria da unidade.<\/p>\n<p>O diretor-presidente da Agepen, Aud de Oliveira Chaves, parabenizou todas as iniciativas e ressaltou o importante papel das parcerias firmadas pela institui\u00e7\u00e3o para a concretiza\u00e7\u00e3o das a\u00e7\u00f5es. \u201cO apoio que buscamos visa uma \u00fanica miss\u00e3o: a de oferecer novas oportunidades para quem, muitas vezes, n\u00e3o encontrou quando esteve em liberdade\u201d, afirmou.<\/p>\n<p>Na reforma, em grande parte, foi utilizada m\u00e3o de obra de reeducandos da pr\u00f3pria col\u00f4nia penal, que receberam remi\u00e7\u00e3o de um dia da pena a cada tr\u00eas trabalhados, conforme estipulado pela Lei de Execu\u00e7\u00e3o Penal. A a\u00e7\u00e3o, al\u00e9m de reduzir os custos e o tempo das obras, auxilia na reinser\u00e7\u00e3o social dos detentos, com oferecimento de trabalho e possibilidade de profissionaliza\u00e7\u00e3o.<\/p>\n<p><strong>Galeria<\/strong><\/p>\n<p>J\u00e1 na Penitenci\u00e1ria de Tr\u00eas Lagoas (PTL), unidade penal masculina de regime fechado, a Agepen inaugurou uma Galeria de Diretores, como forma de homenagear todos os gestores que passaram pelo local.<\/p>\n<p>Idealizado pela dire\u00e7\u00e3o atual, o objetivo foi resgatar o patrim\u00f4nio hist\u00f3rico da institui\u00e7\u00e3o no munic\u00edpio, notadamente em rela\u00e7\u00e3o aos agentes p\u00fablicos e respectivas \u00e9pocas distintas. &#8220;Cada um dos profissionais que estiveram \u00e0 frente da unidade, enfrentaram diferentes adversidades e todos contribu\u00edram, de forma muito especial, no desenvolvimento da Penitenci\u00e1ria e da Agepen como um todo&#8221;, afirmou o diretor da PTL, Raul Augusto Aparecido S\u00e1 Ramalho.<\/p>\n<p>A Penitenci\u00e1ria de Tr\u00eas Lagoas foi inaugurada em 2005, mas funcionou no pr\u00e9dio onde hoje est\u00e1 o pres\u00eddio feminino do munic\u00edpio. Ao todo, 12 gestores j\u00e1 estiveram \u00e0 frente da unidade.<\/p>\n<p>Na gest\u00e3o entre 2006 e 2007, o servidor penitenci\u00e1rio Joaquim Machado da Silva, agradeceu a relevante homenagem em nome de todos os dirigentes. &#8220;Para mim \u00e9 uma honra ter participado desta hist\u00f3ria, dedicamos nossa vida ao sistema penitenci\u00e1rio e receber esse reconhecimento \u00e9 gratificante&#8221;, agradeceu.<\/p>\n<p>Em discurso, o diretor-presidente da Agepen, Aud Chaves, afirmou que valorizando o passado \u00e9 poss\u00edvel reaprender com as experi\u00eancias vivenciadas e oportunizar alicerces para o futuro. &#8220;Todos foram fundamentais para a ag\u00eancia penitenci\u00e1ria e deixam um legado de dedica\u00e7\u00e3o, dignidade e profissionalismo&#8221;, finalizou.<\/p>\n","protected":false},"excerpt":{"rendered":"<p>Para aprimorar as a\u00e7\u00f5es de assist\u00eancia aos reeducandos e garantir maior seguran\u00e7a, obras de reestrutura\u00e7\u00e3o e amplia\u00e7\u00e3o foram realizadas na Col\u00f4nia Penal Industrial \u201cParacelso de Lima Vieira Jesus\u201d de Tr\u00eas Lagoas (CPITL). A solenidade de inaugura\u00e7\u00e3o foi realizada, na quarta-feira (16), e contou com a presen\u00e7a de autoridades e parceiros locais. Com investimento na ordem [&hellip;]<\/p>\n","protected":false},"author":2,"featured_media":5921,"comment_status":"open","ping_status":"open","sticky":false,"template":"","format":"standard","meta":{"om_disable_all_campaigns":false,"_monsterinsights_skip_tracking":false,"_monsterinsights_sitenote_active":false,"_monsterinsights_sitenote_note":"","_monsterinsights_sitenote_category":0,"footnotes":""},"categories":[30,36,48],"tags":[],"aioseo_notices":[],"_links":{"self":[{"href":"https:\/\/expressaoms.com.br\/index.php\/wp-json\/wp\/v2\/posts\/5920"}],"collection":[{"href":"https:\/\/expressaoms.com.br\/index.php\/wp-json\/wp\/v2\/posts"}],"about":[{"href":"https:\/\/expressaoms.com.br\/index.php\/wp-json\/wp\/v2\/types\/post"}],"author":[{"embeddable":true,"href":"https:\/\/expressaoms.com.br\/index.php\/wp-json\/wp\/v2\/users\/2"}],"replies":[{"embeddable":true,"href":"https:\/\/expressaoms.com.br\/index.php\/wp-json\/wp\/v2\/comments?post=5920"}],"version-history":[{"count":1,"href":"https:\/\/expressaoms.com.br\/index.php\/wp-json\/wp\/v2\/posts\/5920\/revisions"}],"predecessor-version":[{"id":5922,"href":"https:\/\/expressaoms.com.br\/index.php\/wp-json\/wp\/v2\/posts\/5920\/revisions\/5922"}],"wp:featuredmedia":[{"embeddable":true,"href":"https:\/\/expressaoms.com.br\/index.php\/wp-json\/wp\/v2\/media\/5921"}],"wp:attachment":[{"href":"https:\/\/expressaoms.com.br\/index.php\/wp-json\/wp\/v2\/media?parent=5920"}],"wp:term":[{"taxonomy":"category","embeddable":true,"href":"https:\/\/expressaoms.com.br\/index.php\/wp-json\/wp\/v2\/categories?post=5920"},{"taxonomy":"post_tag","embeddable":true,"href":"https:\/\/expressaoms.com.br\/index.php\/wp-json\/wp\/v2\/tags?post=5920"}],"curies":[{"name":"wp","href":"https:\/\/api.w.org\/{rel}","templated":true}]}}