{"id":5928,"date":"2022-03-18T09:47:44","date_gmt":"2022-03-18T12:47:44","guid":{"rendered":"https:\/\/expressaoms.com.br\/?p=5928"},"modified":"2022-03-18T09:47:44","modified_gmt":"2022-03-18T12:47:44","slug":"turismo-do-ms-faz-capacitacao-para-mercado-europeu-durante-feira-btl-em-lisboa","status":"publish","type":"post","link":"https:\/\/expressaoms.com.br\/index.php\/2022\/03\/18\/turismo-do-ms-faz-capacitacao-para-mercado-europeu-durante-feira-btl-em-lisboa\/","title":{"rendered":"Turismo do MS faz capacita\u00e7\u00e3o para mercado europeu durante feira BTL em Lisboa"},"content":{"rendered":"<p>Mato Grosso do Sul est\u00e1 presente na 33\u00aa edi\u00e7\u00e3o da Bolsa de Turismo de Lisboa (BTL), que acontece em Portugal de 16 a 20 de mar\u00e7o. Em parceira com a Embratur (Ag\u00eancia Brasileira de Promo\u00e7\u00e3o Internacional do Turismo), MS ter\u00e1 um balc\u00e3o de atendimento dentro do estande do Brasil gerando a oportunidade de relacionamentos com promissores mercados internacionais, associa\u00e7\u00f5es e m\u00eddia especializada.<\/p>\n<p><img fetchpriority=\"high\" decoding=\"async\" class=\"aligncenter size-full wp-image-5906\" src=\"https:\/\/expressaoms.com.br\/wp-content\/uploads\/2022\/03\/Site_Expressao_MS_GabiVive_Brasilandia_728_x_90.jpg\" alt=\"\" width=\"728\" height=\"90\" srcset=\"https:\/\/expressaoms.com.br\/wp-content\/uploads\/2022\/03\/Site_Expressao_MS_GabiVive_Brasilandia_728_x_90.jpg 728w, https:\/\/expressaoms.com.br\/wp-content\/uploads\/2022\/03\/Site_Expressao_MS_GabiVive_Brasilandia_728_x_90-600x74.jpg 600w, https:\/\/expressaoms.com.br\/wp-content\/uploads\/2022\/03\/Site_Expressao_MS_GabiVive_Brasilandia_728_x_90-300x37.jpg 300w\" sizes=\"(max-width: 728px) 100vw, 728px\" \/><\/p>\n<p>Conforme o diretor-presidente da Fundtur, Bruno Wendling, esta \u00e9 uma participa\u00e7\u00e3o muito estrat\u00e9gica, pois MS estar\u00e1 representado num importante mercado emissor. \u201c\u00c9 uma das primeiras feiras internacionais deste ano na Europa e o Mato Grosso do Sul tem destaque no estande da Embratur, inclusive com uma capacita\u00e7\u00e3o sobre o nosso destino e com isso esperamos levar ainda mais informa\u00e7\u00e3o sobre nossos destinos tur\u00edsticos aos operadores internacionais e aumentar a visibilidade do estado no mercado europeu\u201d, pontua.<\/p>\n<p>A capacita\u00e7\u00e3o promovida pela Funda\u00e7\u00e3o de Turismo est\u00e1 marcada para o pr\u00f3ximo s\u00e1bado (19), no estande da Embratur. Neste dia, a feira tamb\u00e9m estar\u00e1 aberta para o p\u00fablico final europeu. Esta a\u00e7\u00e3o comp\u00f5e a estrat\u00e9gia da Fundtur que visa consolidar e incrementar o fluxo de turistas para Mato Grosso do Sul.<\/p>\n<p>Segundo dados do Anu\u00e1rio 2020 \u2013 ano base 2019 &#8211; do Observat\u00f3rio de Turismo de Mato Grosso do Sul, os turistas estrangeiros representaram 10,1% do total de turistas pesquisados no per\u00edodo. Foram registrados turistas estrangeiros de 55 pa\u00edses diferentes e o munic\u00edpio de Bonito \u00e9 o destino preferido deles (33,3%), seguido de Campo Grande (30,9%) e Miranda\/Pantanal (10,5%).<\/p>\n<p><strong>A feira BTL<\/strong><\/p>\n<p>A Bolsa de Turismo de Lisboa se configura uma oportunidade de consolidar relacionamentos e buscar espa\u00e7o para o Mato Grosso do Sul nos portf\u00f3lios internacionais, em um momento em que as fronteiras internacionais come\u00e7am a reabrir. Voltada para profissionais de todos os continentes e p\u00fablico final, \u00e9 uma excelente oportunidade de encontrar compradores profissionais, conhecer e analisar as novas tend\u00eancias do mercado tur\u00edstico e se posicionar como um destino de destaque no ecoturismo e turismo de aventura.<\/p>\n<p>A expectativa para este ano \u00e9 repetir o sucesso de 2020, antes da pandemia do coronav\u00edrus, quando a feira teve recorde de reuni\u00f5es agendadas e neg\u00f3cios fechados. Esta edi\u00e7\u00e3o tem foco na reativa\u00e7\u00e3o das atividades tur\u00edsticas, prejudicadas pela pandemia, e \u00e9 considerada estrat\u00e9gica para o trade tur\u00edstico dos cerca de 55 pa\u00edses participantes.<\/p>\n","protected":false},"excerpt":{"rendered":"<p>Mato Grosso do Sul est\u00e1 presente na 33\u00aa edi\u00e7\u00e3o da Bolsa de Turismo de Lisboa (BTL), que acontece em Portugal de 16 a 20 de mar\u00e7o. Em parceira com a Embratur (Ag\u00eancia Brasileira de Promo\u00e7\u00e3o Internacional do Turismo), MS ter\u00e1 um balc\u00e3o de atendimento dentro do estande do Brasil gerando a oportunidade de relacionamentos com [&hellip;]<\/p>\n","protected":false},"author":2,"featured_media":5929,"comment_status":"open","ping_status":"open","sticky":false,"template":"","format":"standard","meta":{"om_disable_all_campaigns":false,"_monsterinsights_skip_tracking":false,"_monsterinsights_sitenote_active":false,"_monsterinsights_sitenote_note":"","_monsterinsights_sitenote_category":0,"footnotes":""},"categories":[36,49],"tags":[],"aioseo_notices":[],"_links":{"self":[{"href":"https:\/\/expressaoms.com.br\/index.php\/wp-json\/wp\/v2\/posts\/5928"}],"collection":[{"href":"https:\/\/expressaoms.com.br\/index.php\/wp-json\/wp\/v2\/posts"}],"about":[{"href":"https:\/\/expressaoms.com.br\/index.php\/wp-json\/wp\/v2\/types\/post"}],"author":[{"embeddable":true,"href":"https:\/\/expressaoms.com.br\/index.php\/wp-json\/wp\/v2\/users\/2"}],"replies":[{"embeddable":true,"href":"https:\/\/expressaoms.com.br\/index.php\/wp-json\/wp\/v2\/comments?post=5928"}],"version-history":[{"count":1,"href":"https:\/\/expressaoms.com.br\/index.php\/wp-json\/wp\/v2\/posts\/5928\/revisions"}],"predecessor-version":[{"id":5930,"href":"https:\/\/expressaoms.com.br\/index.php\/wp-json\/wp\/v2\/posts\/5928\/revisions\/5930"}],"wp:featuredmedia":[{"embeddable":true,"href":"https:\/\/expressaoms.com.br\/index.php\/wp-json\/wp\/v2\/media\/5929"}],"wp:attachment":[{"href":"https:\/\/expressaoms.com.br\/index.php\/wp-json\/wp\/v2\/media?parent=5928"}],"wp:term":[{"taxonomy":"category","embeddable":true,"href":"https:\/\/expressaoms.com.br\/index.php\/wp-json\/wp\/v2\/categories?post=5928"},{"taxonomy":"post_tag","embeddable":true,"href":"https:\/\/expressaoms.com.br\/index.php\/wp-json\/wp\/v2\/tags?post=5928"}],"curies":[{"name":"wp","href":"https:\/\/api.w.org\/{rel}","templated":true}]}}