{"id":5933,"date":"2022-03-18T10:22:10","date_gmt":"2022-03-18T13:22:10","guid":{"rendered":"https:\/\/expressaoms.com.br\/?p=5933"},"modified":"2022-03-18T10:22:10","modified_gmt":"2022-03-18T13:22:10","slug":"conselho-tutelar-explica-o-trabalho-desenvolvido-em-brasilandia","status":"publish","type":"post","link":"https:\/\/expressaoms.com.br\/index.php\/2022\/03\/18\/conselho-tutelar-explica-o-trabalho-desenvolvido-em-brasilandia\/","title":{"rendered":"Conselho Tutelar explica o trabalho desenvolvido em Brasil\u00e2ndia"},"content":{"rendered":"<p>Em 21 de mar\u00e7o ser\u00e1 o Dia de Mobiliza\u00e7\u00e3o \u201cGabi Vive\u201d em Brasil\u00e2ndia. A data foi criada no intuito de alertar a sociedade em proteger as crian\u00e7as e os adolescentes contra viol\u00eancia f\u00edsica, psicol\u00f3gica e sexual.<\/p>\n<p><img fetchpriority=\"high\" decoding=\"async\" class=\"aligncenter size-full wp-image-5906\" src=\"https:\/\/expressaoms.com.br\/wp-content\/uploads\/2022\/03\/Site_Expressao_MS_GabiVive_Brasilandia_728_x_90.jpg\" alt=\"\" width=\"728\" height=\"90\" srcset=\"https:\/\/expressaoms.com.br\/wp-content\/uploads\/2022\/03\/Site_Expressao_MS_GabiVive_Brasilandia_728_x_90.jpg 728w, https:\/\/expressaoms.com.br\/wp-content\/uploads\/2022\/03\/Site_Expressao_MS_GabiVive_Brasilandia_728_x_90-600x74.jpg 600w, https:\/\/expressaoms.com.br\/wp-content\/uploads\/2022\/03\/Site_Expressao_MS_GabiVive_Brasilandia_728_x_90-300x37.jpg 300w\" sizes=\"(max-width: 728px) 100vw, 728px\" \/><br \/>\nO Conselho Tutelar \u00e9 um dos \u00f3rg\u00e3os respons\u00e1veis e tem como atribui\u00e7\u00e3o previstas no artigo 136 do ECA, em atender crian\u00e7as e adolescentes diante de situa\u00e7\u00e3o de viola\u00e7\u00e3o desses direitos.<\/p>\n<p>O Conselho Tutelar explicou que um dos principais trabalhos \u00e9 atender e aconselhar os pais ou respons\u00e1veis de crian\u00e7as e adolescentes. A partir da\u00ed, a equipe faz os devidos encaminhamentos para a rede de prote\u00e7\u00e3o e as autoridades competentes.<\/p>\n<p>O Conselho Tutelar recebe den\u00fancias de casos que podem ser vindas anonimamente ou em situa\u00e7\u00f5es que chegam de outros \u00f3rg\u00e3os, como Delegacia, Unidade de Sa\u00fade e as escolas.<\/p>\n<p>Entretanto, com a Pandemia e as aulas remotas, as den\u00fancias vindas das escolas ca\u00edram. O Conselho Tutelar acredita que com a volta neste ano das aulas presenciais, provavelmente novos casos comecem as ser detectado pela Rede de Prote\u00e7\u00e3o.<\/p>\n<p>\u201cGeralmente o comunicado \u00e9 em rela\u00e7\u00e3o ao baixo rendimento escolar. A escola comunica ao Conselho Tutelar e n\u00f3s fazemos o contato com a fam\u00edlia, onde investigamos quais s\u00e3o os poss\u00edveis problemas que est\u00e1 desencadeando com essa crian\u00e7a. Ent\u00e3o fazemos as devidas orienta\u00e7\u00f5es e se for o caso, os encaminhamentos necess\u00e1rios\u201d, explicou uma das conselheiras.<\/p>\n<p>O Conselho Tutelar destaca que pode aplicar nenhuma medida de puni\u00e7\u00e3o, pois o \u00f3rg\u00e3o n\u00e3o tem autonomia suficiente. E conforme o pr\u00f3prio Estatuto da Crian\u00e7a e do Adolescente, fica a cargo do Poder Judici\u00e1rio tomar essa medida. \u201cO que podemos fazer \u00e9 dar uma advert\u00eancia, que antecede o encaminhamento \u00e0 Promotoria\u201d, disse uma das conselheiras.<\/p>\n<p>\u201dCOMO IDENTIFICAR OS SINAIS?\u201d<\/p>\n<p>O Conselho Tutelar explica que as pessoas podem identificar alguns poss\u00edveis sinais de que uma crian\u00e7a pode estar sendo abusada. Se a crian\u00e7a muda de comportamento, come\u00e7a a ficar agressiva, muito quieta ou at\u00e9 mesmo n\u00e3o gosta de ficar sozinha com o agressor pode haver algum ind\u00edcio de viol\u00eancia.<\/p>\n<p>O Conselho Tutelar est\u00e1 localizado na rua Coterp, sem n\u00famero, Centro. O telefone para contato \u00e9 (67) 3546-1859 e o plant\u00e3o \u00e9 atrav\u00e9s do n\u00famero de celular (67) 9 9895-7331.<\/p>\n","protected":false},"excerpt":{"rendered":"<p>Em 21 de mar\u00e7o ser\u00e1 o Dia de Mobiliza\u00e7\u00e3o \u201cGabi Vive\u201d em Brasil\u00e2ndia. A data foi criada no intuito de alertar a sociedade em proteger as crian\u00e7as e os adolescentes contra viol\u00eancia f\u00edsica, psicol\u00f3gica e sexual. O Conselho Tutelar \u00e9 um dos \u00f3rg\u00e3os respons\u00e1veis e tem como atribui\u00e7\u00e3o previstas no artigo 136 do ECA, em [&hellip;]<\/p>\n","protected":false},"author":2,"featured_media":5934,"comment_status":"open","ping_status":"open","sticky":false,"template":"","format":"standard","meta":{"om_disable_all_campaigns":false,"_monsterinsights_skip_tracking":false,"_monsterinsights_sitenote_active":false,"_monsterinsights_sitenote_note":"","_monsterinsights_sitenote_category":0,"footnotes":""},"categories":[26,193],"tags":[],"aioseo_notices":[],"_links":{"self":[{"href":"https:\/\/expressaoms.com.br\/index.php\/wp-json\/wp\/v2\/posts\/5933"}],"collection":[{"href":"https:\/\/expressaoms.com.br\/index.php\/wp-json\/wp\/v2\/posts"}],"about":[{"href":"https:\/\/expressaoms.com.br\/index.php\/wp-json\/wp\/v2\/types\/post"}],"author":[{"embeddable":true,"href":"https:\/\/expressaoms.com.br\/index.php\/wp-json\/wp\/v2\/users\/2"}],"replies":[{"embeddable":true,"href":"https:\/\/expressaoms.com.br\/index.php\/wp-json\/wp\/v2\/comments?post=5933"}],"version-history":[{"count":1,"href":"https:\/\/expressaoms.com.br\/index.php\/wp-json\/wp\/v2\/posts\/5933\/revisions"}],"predecessor-version":[{"id":5935,"href":"https:\/\/expressaoms.com.br\/index.php\/wp-json\/wp\/v2\/posts\/5933\/revisions\/5935"}],"wp:featuredmedia":[{"embeddable":true,"href":"https:\/\/expressaoms.com.br\/index.php\/wp-json\/wp\/v2\/media\/5934"}],"wp:attachment":[{"href":"https:\/\/expressaoms.com.br\/index.php\/wp-json\/wp\/v2\/media?parent=5933"}],"wp:term":[{"taxonomy":"category","embeddable":true,"href":"https:\/\/expressaoms.com.br\/index.php\/wp-json\/wp\/v2\/categories?post=5933"},{"taxonomy":"post_tag","embeddable":true,"href":"https:\/\/expressaoms.com.br\/index.php\/wp-json\/wp\/v2\/tags?post=5933"}],"curies":[{"name":"wp","href":"https:\/\/api.w.org\/{rel}","templated":true}]}}