{"id":5945,"date":"2022-03-18T12:36:38","date_gmt":"2022-03-18T15:36:38","guid":{"rendered":"https:\/\/expressaoms.com.br\/?p=5945"},"modified":"2022-03-18T12:36:38","modified_gmt":"2022-03-18T15:36:38","slug":"segunda-etapa-das-obras-da-feira-central-turistica-de-tres-lagoas-deve-comecar-nos-proximos-dias","status":"publish","type":"post","link":"https:\/\/expressaoms.com.br\/index.php\/2022\/03\/18\/segunda-etapa-das-obras-da-feira-central-turistica-de-tres-lagoas-deve-comecar-nos-proximos-dias\/","title":{"rendered":"Segunda etapa das obras da Feira Central Tur\u00edstica de Tr\u00eas Lagoas deve come\u00e7ar nos pr\u00f3ximos dias"},"content":{"rendered":"<p>A segunda etapa das obras da Feira Central Tur\u00edstica de Tr\u00eas Lagoas est\u00e1 prevista para iniciar dentro dos pr\u00f3ximos dias, trazendo ainda mais comodidade aos visitantes e aos moradores da regi\u00e3o.<\/p>\n<p>O secret\u00e1rio Municipal de Infraestrutura, Transporte e Tr\u00e2nsito, Adriano Barreto, explicou que al\u00e9m da constru\u00e7\u00e3o do estacionamento com mais de 200 vagas, a obra tamb\u00e9m vai contemplar a constru\u00e7\u00e3o e requalifica\u00e7\u00e3o do entorno da Feira, no quadril\u00e1tero Avenida Ros\u00e1rio Congro, Avenida Eloy Chaves, Feira Central e Jo\u00e3o Dantas Filgueiras. Al\u00e9m disso a rua Jos\u00e9 Pinto Carri\u00e7o, lateral da feira, tamb\u00e9m ser\u00e1 pavimentada.<\/p>\n<p>Adriano alerta que durante o per\u00edodo de obras os frequentadores precisar\u00e3o estacionar um pouco mais distante do barrac\u00e3o, podendo gerar alguns transtornos, mas \u00e9 importante que a popula\u00e7\u00e3o compreenda que estes contratempos s\u00e3o provis\u00f3rios.<\/p>\n<p>Ap\u00f3s a finaliza\u00e7\u00e3o do projeto, al\u00e9m das melhorias de mobilidade, os frequentadores da feira v\u00e3o contar nesta etapa com 206 vagas para carro e 60 vagas para bicicleta no estacionamento, al\u00e9m de 41 vagas para carro e 49 para motos nas ruas adjacentes.<\/p>\n<p>Assim como a constru\u00e7\u00e3o do pr\u00e9dio que abriga a Feira Central, a obra do estacionamento ser\u00e1 custeada com recursos municipais, para trazer melhorias para a popula\u00e7\u00e3o tr\u00eas-lagoense e a todos que visitem nosso munic\u00edpio.<\/p>\n<p>&nbsp;<\/p>\n","protected":false},"excerpt":{"rendered":"<p>A segunda etapa das obras da Feira Central Tur\u00edstica de Tr\u00eas Lagoas est\u00e1 prevista para iniciar dentro dos pr\u00f3ximos dias, trazendo ainda mais comodidade aos visitantes e aos moradores da regi\u00e3o. O secret\u00e1rio Municipal de Infraestrutura, Transporte e Tr\u00e2nsito, Adriano Barreto, explicou que al\u00e9m da constru\u00e7\u00e3o do estacionamento com mais de 200 vagas, a obra [&hellip;]<\/p>\n","protected":false},"author":2,"featured_media":5946,"comment_status":"open","ping_status":"open","sticky":false,"template":"","format":"standard","meta":{"om_disable_all_campaigns":false,"_monsterinsights_skip_tracking":false,"_monsterinsights_sitenote_active":false,"_monsterinsights_sitenote_note":"","_monsterinsights_sitenote_category":0,"footnotes":""},"categories":[36,192,48],"tags":[],"aioseo_notices":[],"_links":{"self":[{"href":"https:\/\/expressaoms.com.br\/index.php\/wp-json\/wp\/v2\/posts\/5945"}],"collection":[{"href":"https:\/\/expressaoms.com.br\/index.php\/wp-json\/wp\/v2\/posts"}],"about":[{"href":"https:\/\/expressaoms.com.br\/index.php\/wp-json\/wp\/v2\/types\/post"}],"author":[{"embeddable":true,"href":"https:\/\/expressaoms.com.br\/index.php\/wp-json\/wp\/v2\/users\/2"}],"replies":[{"embeddable":true,"href":"https:\/\/expressaoms.com.br\/index.php\/wp-json\/wp\/v2\/comments?post=5945"}],"version-history":[{"count":1,"href":"https:\/\/expressaoms.com.br\/index.php\/wp-json\/wp\/v2\/posts\/5945\/revisions"}],"predecessor-version":[{"id":5947,"href":"https:\/\/expressaoms.com.br\/index.php\/wp-json\/wp\/v2\/posts\/5945\/revisions\/5947"}],"wp:featuredmedia":[{"embeddable":true,"href":"https:\/\/expressaoms.com.br\/index.php\/wp-json\/wp\/v2\/media\/5946"}],"wp:attachment":[{"href":"https:\/\/expressaoms.com.br\/index.php\/wp-json\/wp\/v2\/media?parent=5945"}],"wp:term":[{"taxonomy":"category","embeddable":true,"href":"https:\/\/expressaoms.com.br\/index.php\/wp-json\/wp\/v2\/categories?post=5945"},{"taxonomy":"post_tag","embeddable":true,"href":"https:\/\/expressaoms.com.br\/index.php\/wp-json\/wp\/v2\/tags?post=5945"}],"curies":[{"name":"wp","href":"https:\/\/api.w.org\/{rel}","templated":true}]}}