{"id":6193,"date":"2022-03-24T11:20:50","date_gmt":"2022-03-24T14:20:50","guid":{"rendered":"https:\/\/expressaoms.com.br\/?p=6193"},"modified":"2022-03-28T13:12:00","modified_gmt":"2022-03-28T16:12:00","slug":"prefeita-gerolina-alves-vistoria-obras-de-pavimentacao-na-regiao-do-buracao","status":"publish","type":"post","link":"https:\/\/expressaoms.com.br\/index.php\/2022\/03\/24\/prefeita-gerolina-alves-vistoria-obras-de-pavimentacao-na-regiao-do-buracao\/","title":{"rendered":"Prefeita Gerolina Alves vistoria obras de pavimenta\u00e7\u00e3o na regi\u00e3o do Burac\u00e3o"},"content":{"rendered":"<div class=\"kvgmc6g5 cxmmr5t8 oygrvhab hcukyx3x c1et5uql ii04i59q\"><\/div>\n<div class=\"cxmmr5t8 oygrvhab hcukyx3x c1et5uql o9v6fnle ii04i59q\">\n<div dir=\"auto\">\n<p>A cidade de \u00c1gua Clara est\u00e1 em pleno desenvolvimento, e com obras em v\u00e1rios locais que ir\u00e3o proporcionar qualidade de vida para a popula\u00e7\u00e3o e melhorar a infraestrutura, o munic\u00edpio tem recebido diversos investimentos tanto do setor p\u00fablico quanto da iniciativa privada. Nesta quarta-feira (23), mais uma etapa da pavimenta\u00e7\u00e3o asf\u00e1ltica das ruas paralelas ao Burac\u00e3o come\u00e7ou a ser executada no Jardim Primavera. O investimento de toda obra \u00e9 em torno de R$ 6 milh\u00f5es e vai resolver um antigo problema de sa\u00fade p\u00fablica e infraestrutura.<\/p>\n<p>Em visita \u00e0 obra, a Prefeita Gerolina Alves e o Vice Ti\u00e3o Ottoni ouviram depoimentos de moradores que acompanham essa nova etapa. \u201cEstamos felizes prefeita, nosso im\u00f3vel est\u00e1 valorizando, aqui era uma \u00e1rea esquecida e abandonada. Al\u00e9m da obra do Burac\u00e3o tamb\u00e9m ganhamos o asfalto, t\u00e1 muito melhor que a encomenda, agora d\u00e1 orgulho de morar em \u00c1gua Clara\u201d pontuou o Sr\u00b0 Manoel.<\/p>\n<p><img fetchpriority=\"high\" decoding=\"async\" class=\"alignnone size-full wp-image-6194\" src=\"https:\/\/expressaoms.com.br\/wp-content\/uploads\/2022\/03\/WhatsApp-Image-2022-03-24-at-08.09.55.jpeg\" alt=\"\" width=\"1024\" height=\"768\" srcset=\"https:\/\/expressaoms.com.br\/wp-content\/uploads\/2022\/03\/WhatsApp-Image-2022-03-24-at-08.09.55.jpeg 1024w, https:\/\/expressaoms.com.br\/wp-content\/uploads\/2022\/03\/WhatsApp-Image-2022-03-24-at-08.09.55-600x450.jpeg 600w, https:\/\/expressaoms.com.br\/wp-content\/uploads\/2022\/03\/WhatsApp-Image-2022-03-24-at-08.09.55-300x225.jpeg 300w, https:\/\/expressaoms.com.br\/wp-content\/uploads\/2022\/03\/WhatsApp-Image-2022-03-24-at-08.09.55-768x576.jpeg 768w\" sizes=\"(max-width: 1024px) 100vw, 1024px\" \/><\/p>\n<p>A Administra\u00e7\u00e3o Municipal de \u00c1gua Clara nessa nova etapa beneficia com o asfalto ruas do Bairro Jardim Primavera. Ser\u00e3o contempladas a Av. Fernanda Valera Conrado, a Rua Abadia de Souza Bento, Rua Manoel P. De carvalho, Rua Jos\u00e9 Augusto Dias, Rua Adalia Garcia de Freitas, Rua Rosamaria Dinamarco Piernas.<\/p>\n<\/div>\n<\/div>\n","protected":false},"excerpt":{"rendered":"<p>A cidade de \u00c1gua Clara est\u00e1 em pleno desenvolvimento, e com obras em v\u00e1rios locais que ir\u00e3o proporcionar qualidade de vida para a popula\u00e7\u00e3o e melhorar a infraestrutura, o munic\u00edpio tem recebido diversos investimentos tanto do setor p\u00fablico quanto da iniciativa privada. Nesta quarta-feira (23), mais uma etapa da pavimenta\u00e7\u00e3o asf\u00e1ltica das ruas paralelas ao [&hellip;]<\/p>\n","protected":false},"author":3,"featured_media":6195,"comment_status":"open","ping_status":"open","sticky":false,"template":"","format":"standard","meta":{"om_disable_all_campaigns":false,"_monsterinsights_skip_tracking":false,"_monsterinsights_sitenote_active":false,"_monsterinsights_sitenote_note":"","_monsterinsights_sitenote_category":0,"footnotes":""},"categories":[189,193],"tags":[],"aioseo_notices":[],"_links":{"self":[{"href":"https:\/\/expressaoms.com.br\/index.php\/wp-json\/wp\/v2\/posts\/6193"}],"collection":[{"href":"https:\/\/expressaoms.com.br\/index.php\/wp-json\/wp\/v2\/posts"}],"about":[{"href":"https:\/\/expressaoms.com.br\/index.php\/wp-json\/wp\/v2\/types\/post"}],"author":[{"embeddable":true,"href":"https:\/\/expressaoms.com.br\/index.php\/wp-json\/wp\/v2\/users\/3"}],"replies":[{"embeddable":true,"href":"https:\/\/expressaoms.com.br\/index.php\/wp-json\/wp\/v2\/comments?post=6193"}],"version-history":[{"count":6,"href":"https:\/\/expressaoms.com.br\/index.php\/wp-json\/wp\/v2\/posts\/6193\/revisions"}],"predecessor-version":[{"id":6410,"href":"https:\/\/expressaoms.com.br\/index.php\/wp-json\/wp\/v2\/posts\/6193\/revisions\/6410"}],"wp:featuredmedia":[{"embeddable":true,"href":"https:\/\/expressaoms.com.br\/index.php\/wp-json\/wp\/v2\/media\/6195"}],"wp:attachment":[{"href":"https:\/\/expressaoms.com.br\/index.php\/wp-json\/wp\/v2\/media?parent=6193"}],"wp:term":[{"taxonomy":"category","embeddable":true,"href":"https:\/\/expressaoms.com.br\/index.php\/wp-json\/wp\/v2\/categories?post=6193"},{"taxonomy":"post_tag","embeddable":true,"href":"https:\/\/expressaoms.com.br\/index.php\/wp-json\/wp\/v2\/tags?post=6193"}],"curies":[{"name":"wp","href":"https:\/\/api.w.org\/{rel}","templated":true}]}}