{"id":6235,"date":"2022-03-24T14:21:09","date_gmt":"2022-03-24T17:21:09","guid":{"rendered":"https:\/\/expressaoms.com.br\/?p=6235"},"modified":"2022-03-24T14:21:34","modified_gmt":"2022-03-24T17:21:34","slug":"prefeitura-inicia-obras-de-pavimentacao-no-bairro-jardim-esperanca","status":"publish","type":"post","link":"https:\/\/expressaoms.com.br\/index.php\/2022\/03\/24\/prefeitura-inicia-obras-de-pavimentacao-no-bairro-jardim-esperanca\/","title":{"rendered":"Prefeitura inicia obras de pavimenta\u00e7\u00e3o no bairro Jardim Esperan\u00e7a"},"content":{"rendered":"<p>As obras de pavimenta\u00e7\u00e3o no bairro Jardim Esperan\u00e7a j\u00e1 iniciaram e em breve os moradores da regi\u00e3o poder\u00e3o contar com asfalto nas ruas, uma solicita\u00e7\u00e3o antiga e que agora est\u00e1 sendo atendida pela Prefeitura Municipal de Tr\u00eas Lagoas.<\/p>\n<p><img fetchpriority=\"high\" decoding=\"async\" class=\"aligncenter size-full wp-image-6184\" src=\"https:\/\/expressaoms.com.br\/wp-content\/uploads\/2022\/03\/Site_Expressao_MS_Marco_Lilas_1170_x_150.gif\" alt=\"\" width=\"1170\" height=\"150\" \/><\/p>\n<p>As ruas que receber\u00e3o a pavimenta\u00e7\u00e3o nos pr\u00f3ximos dias s\u00e3o os trechos das Ruas Ostiano Neves Alexandria, Janu\u00e1rio Garcia Leal, Jo\u00e3o Alves de Freitas, entre as Ruas Ant\u00f4nio Jose da Silva e Urbano Corr\u00eaa da Silveira.<\/p>\n<p><img decoding=\"async\" class=\"aligncenter size-full wp-image-6047\" src=\"https:\/\/expressaoms.com.br\/wp-content\/uploads\/2022\/03\/728X90PX-1.gif\" alt=\"\" width=\"728\" height=\"90\" \/><\/p>\n<p>Durante o per\u00edodo de trabalho ser\u00e1 necess\u00e1rio realizar a poda consciente de algumas \u00e1rvores, para permitir a passagem do maquin\u00e1rio. Nesta semana a equipe est\u00e1 realizando o patrolamento das vias, preparando o solo para receber a pr\u00f3xima etapa do projeto.<\/p>\n","protected":false},"excerpt":{"rendered":"<p>As obras de pavimenta\u00e7\u00e3o no bairro Jardim Esperan\u00e7a j\u00e1 iniciaram e em breve os moradores da regi\u00e3o poder\u00e3o contar com asfalto nas ruas, uma solicita\u00e7\u00e3o antiga e que agora est\u00e1 sendo atendida pela Prefeitura Municipal de Tr\u00eas Lagoas. As ruas que receber\u00e3o a pavimenta\u00e7\u00e3o nos pr\u00f3ximos dias s\u00e3o os trechos das Ruas Ostiano Neves Alexandria, [&hellip;]<\/p>\n","protected":false},"author":2,"featured_media":6237,"comment_status":"open","ping_status":"open","sticky":false,"template":"","format":"standard","meta":{"om_disable_all_campaigns":false,"_monsterinsights_skip_tracking":false,"_monsterinsights_sitenote_active":false,"_monsterinsights_sitenote_note":"","_monsterinsights_sitenote_category":0,"footnotes":""},"categories":[36,48],"tags":[],"aioseo_notices":[],"_links":{"self":[{"href":"https:\/\/expressaoms.com.br\/index.php\/wp-json\/wp\/v2\/posts\/6235"}],"collection":[{"href":"https:\/\/expressaoms.com.br\/index.php\/wp-json\/wp\/v2\/posts"}],"about":[{"href":"https:\/\/expressaoms.com.br\/index.php\/wp-json\/wp\/v2\/types\/post"}],"author":[{"embeddable":true,"href":"https:\/\/expressaoms.com.br\/index.php\/wp-json\/wp\/v2\/users\/2"}],"replies":[{"embeddable":true,"href":"https:\/\/expressaoms.com.br\/index.php\/wp-json\/wp\/v2\/comments?post=6235"}],"version-history":[{"count":1,"href":"https:\/\/expressaoms.com.br\/index.php\/wp-json\/wp\/v2\/posts\/6235\/revisions"}],"predecessor-version":[{"id":6236,"href":"https:\/\/expressaoms.com.br\/index.php\/wp-json\/wp\/v2\/posts\/6235\/revisions\/6236"}],"wp:featuredmedia":[{"embeddable":true,"href":"https:\/\/expressaoms.com.br\/index.php\/wp-json\/wp\/v2\/media\/6237"}],"wp:attachment":[{"href":"https:\/\/expressaoms.com.br\/index.php\/wp-json\/wp\/v2\/media?parent=6235"}],"wp:term":[{"taxonomy":"category","embeddable":true,"href":"https:\/\/expressaoms.com.br\/index.php\/wp-json\/wp\/v2\/categories?post=6235"},{"taxonomy":"post_tag","embeddable":true,"href":"https:\/\/expressaoms.com.br\/index.php\/wp-json\/wp\/v2\/tags?post=6235"}],"curies":[{"name":"wp","href":"https:\/\/api.w.org\/{rel}","templated":true}]}}