{"id":6238,"date":"2022-03-24T15:35:48","date_gmt":"2022-03-24T18:35:48","guid":{"rendered":"https:\/\/expressaoms.com.br\/?p=6238"},"modified":"2022-03-24T15:36:45","modified_gmt":"2022-03-24T18:36:45","slug":"primeiro-cinema-solar-do-brasil-chega-a-mato-grosso-do-sul","status":"publish","type":"post","link":"https:\/\/expressaoms.com.br\/index.php\/2022\/03\/24\/primeiro-cinema-solar-do-brasil-chega-a-mato-grosso-do-sul\/","title":{"rendered":"Primeiro cinema solar do Brasil chega a Mato Grosso do Sul"},"content":{"rendered":"<p>Com apoio do Governo do Estado, por meio da Secretaria de Cidadania e Cultura (Secic), Subsecretaria de Pol\u00edticas P\u00fablicas para Mulheres e Subsecretaria de Pol\u00edticas P\u00fablicas para a Popula\u00e7\u00e3o Ind\u00edgena, Mato Grosso do Sul recebe nos dias 24, 25 e 26 de mar\u00e7o, pela primeira vez, o projeto Cinesolar.<\/p>\n<p><img fetchpriority=\"high\" decoding=\"async\" class=\"aligncenter size-full wp-image-6184\" src=\"https:\/\/expressaoms.com.br\/wp-content\/uploads\/2022\/03\/Site_Expressao_MS_Marco_Lilas_1170_x_150.gif\" alt=\"\" width=\"1170\" height=\"150\" \/><\/p>\n<p>Lan\u00e7ado em 2013, o Cinesolar \u00e9 o primeiro cinema itinerante do Brasil movido a energia limpa e renov\u00e1vel. Funciona dentro de uma van equipada com placas que utilizam um sistema conversor de energia solar para el\u00e9trica, que tamb\u00e9m carrega as cadeiras para o p\u00fablico, sistemas de som e proje\u00e7\u00e3o, tel\u00e3o e uma cabine de DJ.<\/p>\n<p>\u201cFazer parte desse projeto pioneiro \u00e9 uma grande honra. Como um dos l\u00edderes do mercado de financiamento de energia solar, sabemos da import\u00e2ncia de levar pelo pa\u00eds a mensagem de sustentabilidade que esse mercado traz, al\u00e9m de aliar com um tema relevante que \u00e9 a cultura\u201d, afirma Fl\u00e1vio Suchek, diretor de Novos Neg\u00f3cios e Empr\u00e9stimos do banco BV.<\/p>\n<p>Em alus\u00e3o ao M\u00eas da Mulher, o filme escolhido \u00e9 a produ\u00e7\u00e3o nacional \u201cFala s\u00e9rio, m\u00e3e!\u201d, protagonizado por Ingrid Guimar\u00e3es e Larissa Manoela, que traz \u00e0 tona as alegrias e dificuldades da rela\u00e7\u00e3o entre m\u00e3e e filha dentro do contexto familiar.<\/p>\n<p><img decoding=\"async\" class=\"aligncenter size-full wp-image-6047\" src=\"https:\/\/expressaoms.com.br\/wp-content\/uploads\/2022\/03\/728X90PX-1.gif\" alt=\"\" width=\"728\" height=\"90\" \/><\/p>\n<p>\u201cVejo nessa parceria da Subsecretaria de Estado de Pol\u00edticas P\u00fablicas para Mulheres com o projeto Cinesolar um grande potencial de trabalhar num s\u00f3 momento a democratiza\u00e7\u00e3o do acesso \u00e0 cultura, \u00e0 cidadania e ainda com foco na sustentabilidade. Pela primeira vez teremos a possibilidade de ter um cinema ao ar livre, exibindo filmes com a tem\u00e1tica que envolve a pauta feminina e utilizando a energia solar, isso demonstra que n\u00e3o h\u00e1 limites para a inova\u00e7\u00e3o na \u00e1rea p\u00fablica. Nossa expectativa \u00e9 que haja grande ades\u00e3o da popula\u00e7\u00e3o para receber o projeto em nosso Estado\u201d, diz Luciana Azambuja, subsecret\u00e1ria estadual de Pol\u00edticas P\u00fablicas para as Mulheres.<\/p>\n<p>O projeto promove arte e sustentabilidade, levando a s\u00e9tima arte a comunidades afastadas e com acesso restrito \u00e0 cultura. Al\u00e9m das sess\u00f5es de cinema, nas cidades de Corumb\u00e1 e Lad\u00e1rio o projeto contempla a Oficinema Solar \u2013 uma oficina de v\u00eddeo para crian\u00e7as e jovens sobre sustentabilidade. Como resultado dessa atividade, um filme \u00e9 produzido com os participantes e exibido durante a sess\u00e3o de cinema para a comunidade local.<\/p>\n<p>\u201cAs oficinas s\u00e3o atividades complementares, com uma linguagem muito simples que dialoga de forma l\u00fadica com os jovens e as crian\u00e7as da regi\u00e3o, colocando o p\u00fablico ainda mais em contato com os temas de sustentabilidade e energia renov\u00e1vel, al\u00e9m de arte e cultura\u201d, destaca Cynthia Alario, coordenadora e idealizadora do Cinesolar.<\/p>\n<p>PROGRAMA\u00c7\u00c3O:<\/p>\n<p>CORUMB\u00c1<br \/>\nOficinema Solar Presencial<br \/>\nData: quinta-feira (24\/03) &#8211; das 14h30 \u00e0s 17h<br \/>\nLocal: Biblioteca do C\u00e9u<\/p>\n<p>Sess\u00e3o Cinema<br \/>\nData: quinta-feira (24\/03)<br \/>\nHor\u00e1rios: 19h &#8211; Sess\u00e3o Curtas<br \/>\n20h \u2013 \u2018Fala S\u00e9rio, M\u00e3e!\u2019<br \/>\nEntrada: gratuita<br \/>\nLocal: Pra\u00e7a C\u00e9u &#8211; Rua Mal. Deodoro, 2185 &#8211; Popular Nova &#8211; Corumb\u00e1<\/p>\n<p>LAD\u00c1RIO<br \/>\nOficinema Solar<br \/>\nRealizada on-line para alunos da rede p\u00fablica<br \/>\nSess\u00e3o Cinema<br \/>\nData: sexta-feira (25\/03)<br \/>\nHor\u00e1rios: 18h &#8211; Sess\u00e3o Curtas<br \/>\n19h \u2013 \u2018Fala S\u00e9rio, M\u00e3e!\u2019<br \/>\nEntrada: gratuita<br \/>\nLocal: Escola Municipal Marqu\u00eas de Tamandar\u00e9 \u2013 Rua Tv. Sime\u00e3o Ribas, 50 &#8211; Nova Alian\u00e7a &#8211; Lad\u00e1rio<\/p>\n<p>CAMPO GRANDE<br \/>\nAldeia Urbana \u00c1gua Bonita \u2013 Campo Grande<br \/>\nSess\u00e3o Cinema<br \/>\nData: s\u00e1bado (26\/03)<br \/>\nHor\u00e1rio: 19h &#8211; Sess\u00e3o Curtas<br \/>\n20h &#8211; \u201cFala S\u00e9rio, M\u00e3e!\u201d<br \/>\nLocal: Aldeia Urbana \u00c1gua Bonita &#8211; Bairro Nova Lima \u2013 Campo Grande<\/p>\n","protected":false},"excerpt":{"rendered":"<p>Com apoio do Governo do Estado, por meio da Secretaria de Cidadania e Cultura (Secic), Subsecretaria de Pol\u00edticas P\u00fablicas para Mulheres e Subsecretaria de Pol\u00edticas P\u00fablicas para a Popula\u00e7\u00e3o Ind\u00edgena, Mato Grosso do Sul recebe nos dias 24, 25 e 26 de mar\u00e7o, pela primeira vez, o projeto Cinesolar. Lan\u00e7ado em 2013, o Cinesolar \u00e9 [&hellip;]<\/p>\n","protected":false},"author":2,"featured_media":6239,"comment_status":"open","ping_status":"open","sticky":false,"template":"","format":"standard","meta":{"om_disable_all_campaigns":false,"_monsterinsights_skip_tracking":false,"_monsterinsights_sitenote_active":false,"_monsterinsights_sitenote_note":"","_monsterinsights_sitenote_category":0,"footnotes":""},"categories":[36],"tags":[],"aioseo_notices":[],"_links":{"self":[{"href":"https:\/\/expressaoms.com.br\/index.php\/wp-json\/wp\/v2\/posts\/6238"}],"collection":[{"href":"https:\/\/expressaoms.com.br\/index.php\/wp-json\/wp\/v2\/posts"}],"about":[{"href":"https:\/\/expressaoms.com.br\/index.php\/wp-json\/wp\/v2\/types\/post"}],"author":[{"embeddable":true,"href":"https:\/\/expressaoms.com.br\/index.php\/wp-json\/wp\/v2\/users\/2"}],"replies":[{"embeddable":true,"href":"https:\/\/expressaoms.com.br\/index.php\/wp-json\/wp\/v2\/comments?post=6238"}],"version-history":[{"count":2,"href":"https:\/\/expressaoms.com.br\/index.php\/wp-json\/wp\/v2\/posts\/6238\/revisions"}],"predecessor-version":[{"id":6241,"href":"https:\/\/expressaoms.com.br\/index.php\/wp-json\/wp\/v2\/posts\/6238\/revisions\/6241"}],"wp:featuredmedia":[{"embeddable":true,"href":"https:\/\/expressaoms.com.br\/index.php\/wp-json\/wp\/v2\/media\/6239"}],"wp:attachment":[{"href":"https:\/\/expressaoms.com.br\/index.php\/wp-json\/wp\/v2\/media?parent=6238"}],"wp:term":[{"taxonomy":"category","embeddable":true,"href":"https:\/\/expressaoms.com.br\/index.php\/wp-json\/wp\/v2\/categories?post=6238"},{"taxonomy":"post_tag","embeddable":true,"href":"https:\/\/expressaoms.com.br\/index.php\/wp-json\/wp\/v2\/tags?post=6238"}],"curies":[{"name":"wp","href":"https:\/\/api.w.org\/{rel}","templated":true}]}}